{"id":7071,"date":"2021-05-04T08:08:09","date_gmt":"2021-05-04T06:08:09","guid":{"rendered":"http:\/\/umtykocin.pl\/mieszkaniec\/?p=7071"},"modified":"2021-05-04T08:22:08","modified_gmt":"2021-05-04T06:22:08","slug":"darmowe-maseczki-mieszkancom","status":"publish","type":"post","link":"https:\/\/umtykocin.pl\/mieszkaniec\/darmowe-maseczki-mieszkancom\/","title":{"rendered":"Darmowe maseczki mieszka\u0144com"},"content":{"rendered":"<p>Burmistrz Tykocina otrzyma\u0142 pul\u0119 maseczek z Rz\u0105dowej Agencji Rezerw Strategicznych. Maseczki zostan\u0105 rozdane przez so\u0142tys\u00f3w, b\u0119d\u0105 r\u00f3wnie\u017c dystrybuowane mieszka\u0144com miasta Tykocina. Osoby, kt\u00f3re nie b\u0119d\u0105 mog\u0142y otrzyma\u0107 maseczek w czasie rozdawania zapraszamy do Portu Kultury Tykocin (dawne Centrum Kultury, Sportu i Turystyki Ziemi Tykoci\u0144skiej w Tykocinie) przy ul. Z\u0142otej 2 w godzinach 8.00-16.00 od poniedzia\u0142ku do pi\u0105tku.<\/p>\n","protected":false},"excerpt":{"rendered":"<p>Burmistrz Tykocina otrzyma\u0142 pul\u0119 maseczek z Rz\u0105dowej Agencji Rezerw Strategicznych. Maseczki zostan\u0105 rozdane przez so\u0142tys\u00f3w, b\u0119d\u0105 r\u00f3wnie\u017c dystrybuowane mieszka\u0144com miasta Tykocina. Osoby, kt\u00f3re nie b\u0119d\u0105 mog\u0142y otrzyma\u0107 maseczek w czasie rozdawania zapraszamy do Portu Kultury Tykocin (dawne Centrum Kultury, Sportu i Turystyki Ziemi Tykoci\u0144skiej w Tykocinie) przy ul. Z\u0142otej 2 w godzinach 8.00-16.00 od poniedzia\u0142ku [&hellip;]<\/p>\n","protected":false},"author":3,"featured_media":7072,"comment_status":"closed","ping_status":"open","sticky":false,"template":"","format":"standard","meta":{"_et_pb_use_builder":"","_et_pb_old_content":"","_et_gb_content_width":"","cybocfi_hide_featured_image":"","footnotes":""},"categories":[3554,151],"tags":[3770],"class_list":["post-7071","post","type-post","status-publish","format-standard","has-post-thumbnail","hentry","category-bezpieczenstwo","category-zdrowie","tag-darmowe-maseczki-mieszkancom","high-contrast"],"_links":{"self":[{"href":"https:\/\/umtykocin.pl\/mieszkaniec\/wp-json\/wp\/v2\/posts\/7071","targetHints":{"allow":["GET"]}}],"collection":[{"href":"https:\/\/umtykocin.pl\/mieszkaniec\/wp-json\/wp\/v2\/posts"}],"about":[{"href":"https:\/\/umtykocin.pl\/mieszkaniec\/wp-json\/wp\/v2\/types\/post"}],"author":[{"embeddable":true,"href":"https:\/\/umtykocin.pl\/mieszkaniec\/wp-json\/wp\/v2\/users\/3"}],"replies":[{"embeddable":true,"href":"https:\/\/umtykocin.pl\/mieszkaniec\/wp-json\/wp\/v2\/comments?post=7071"}],"version-history":[{"count":2,"href":"https:\/\/umtykocin.pl\/mieszkaniec\/wp-json\/wp\/v2\/posts\/7071\/revisions"}],"predecessor-version":[{"id":7074,"href":"https:\/\/umtykocin.pl\/mieszkaniec\/wp-json\/wp\/v2\/posts\/7071\/revisions\/7074"}],"wp:featuredmedia":[{"embeddable":true,"href":"https:\/\/umtykocin.pl\/mieszkaniec\/wp-json\/wp\/v2\/media\/7072"}],"wp:attachment":[{"href":"https:\/\/umtykocin.pl\/mieszkaniec\/wp-json\/wp\/v2\/media?parent=7071"}],"wp:term":[{"taxonomy":"category","embeddable":true,"href":"https:\/\/umtykocin.pl\/mieszkaniec\/wp-json\/wp\/v2\/categories?post=7071"},{"taxonomy":"post_tag","embeddable":true,"href":"https:\/\/umtykocin.pl\/mieszkaniec\/wp-json\/wp\/v2\/tags?post=7071"}],"curies":[{"name":"wp","href":"https:\/\/api.w.org\/{rel}","templated":true}]}}