{"id":7330,"date":"2021-07-14T17:15:57","date_gmt":"2021-07-14T15:15:57","guid":{"rendered":"http:\/\/umtykocin.pl\/mieszkaniec\/?p=7330"},"modified":"2021-07-14T17:21:42","modified_gmt":"2021-07-14T15:21:42","slug":"drodzy-mieszkancy-miasta-i-gminy-tykocin","status":"publish","type":"post","link":"https:\/\/umtykocin.pl\/mieszkaniec\/drodzy-mieszkancy-miasta-i-gminy-tykocin\/","title":{"rendered":"Drodzy Mieszka\u0144cy Miasta i Gminy Tykocin!"},"content":{"rendered":"<p><em><img loading=\"lazy\" decoding=\"async\" class=\"size-medium wp-image-7333 alignleft\" src=\"http:\/\/umtykocin.pl\/mieszkaniec\/wp-content\/uploads\/sites\/4\/2021\/07\/Zdjecie-Burmistrza-\u2014-kopia-200x300.jpg\" alt=\"Burmistrz Tykocina Mariusz Dudzi\u0144ski\" width=\"200\" height=\"300\" srcset=\"https:\/\/umtykocin.pl\/mieszkaniec\/wp-content\/uploads\/sites\/4\/2021\/07\/Zdjecie-Burmistrza-\u2014-kopia-200x300.jpg 200w, https:\/\/umtykocin.pl\/mieszkaniec\/wp-content\/uploads\/sites\/4\/2021\/07\/Zdjecie-Burmistrza-\u2014-kopia-480x720.jpg 480w, https:\/\/umtykocin.pl\/mieszkaniec\/wp-content\/uploads\/sites\/4\/2021\/07\/Zdjecie-Burmistrza-\u2014-kopia.jpg 500w\" sizes=\"(max-width: 200px) 100vw, 200px\" \/>Ostatni rok by\u0142 dla nas wszystkich szczeg\u00f3lnie trudny. Epidemia wirusa SARS-Cov-2 spowodowa\u0142a, \u017ce musieli\u015bmy zmieni\u0107 swoje dotychczasowe przyzwyczajenia i nauczy\u0107 si\u0119 \u017cy\u0107 w ca\u0142kiem nowej rzeczywisto\u015bci, ograniczaj\u0105c przy tym do minimum wszelkie kontakty spo\u0142eczne.<\/em><\/p>\n<p><em>Szczepienia\u00a0 maj\u0105 pom\u00f3c ochroni\u0107 zdrowie nasze i naszych najbli\u017cszych, a ostatecznie zapewni\u0107 nam wszystkim zbiorow\u0105 odporno\u015b\u0107. Aby tak si\u0119 jednak sta\u0142o, musi zaszczepi\u0107 si\u0119 jak najwi\u0119cej z nas. <\/em>Aktualnie liczba mieszka\u0144c\u00f3w naszej gminy w pe\u0142ni zaszczepionych wynosi 1 472, co stanowi zaledwie 23,8 % (stan na 12.07.2021r.).<\/p>\n<p><em>Zwracam si\u0119 ze szczeg\u00f3ln\u0105 pro\u015bb\u0105 do Senior\u00f3w! Szczepi\u0105c si\u0119 chro\u0144cie swoje zdrowie i \u017cycie. Potrzebuj\u0105 Was bliscy, rodzina i przyjaciele\u2026<\/em><\/p>\n<p><em>Apeluj\u0119 do Radnych i So\u0142tys\u00f3w, znaj\u0105cych najbardziej mieszka\u0144c\u00f3w w swoich so\u0142ectwach o zwr\u00f3cenie szczeg\u00f3lnej uwagi na\u00a0 osoby starsze, by\u0107 mo\u017ce samotne, schorowane, kt\u00f3re mog\u0105 mie\u0107 trudno\u015bci z rejestracj\u0105 na szczepienie przeciw Covid-19, potrzebuj\u0105 transportu na szczepienie, b\u0105d\u017a wymagaj\u0105 szczepienia w miejscu zamieszkania. Bardzo prosz\u0119 o zg\u0142aszanie takich informacji do Urz\u0119du Miejskiego w Tykocinie. <\/em><\/p>\n<p><em>Jeszcze raz apeluj\u0119 o skorzystanie z mo\u017cliwo\u015bci ochrony przeciwko Covid-19, jak\u0105 daje szczepionka. Wierz\u0119, \u017ce dzi\u0119ki temu wr\u00f3cimy do normalnego \u017cycia.\u00a0<\/em><\/p>\n<p><em>Powstrzymanie epidemii zale\u017cy od naszej odpowiedzialno\u015bci!<\/em><\/p>\n<p style=\"text-align: right;\">Mariusz Dudzi\u0144ski Burmistrz Tykocina<\/p>\n<p><img loading=\"lazy\" decoding=\"async\" class=\"alignnone size-full wp-image-7331 aligncenter\" src=\"http:\/\/umtykocin.pl\/mieszkaniec\/wp-content\/uploads\/sites\/4\/2021\/07\/Plakat_SzczepimySie.jpg\" alt=\"Drodzy Mieszka\u0144cy Miasta i Gminy Tykocin! Ostatni rok by\u0142 dla nas wszystkich szczeg\u00f3lnie trudny. Epidemia wirusa SARS-Cov-2 spowodowa\u0142a, \u017ce musieli\u015bmy zmieni\u0107 swoje dotychczasowe przyzwyczajenia i nauczy\u0107 si\u0119 \u017cy\u0107 w ca\u0142kiem nowej rzeczywisto\u015bci, ograniczaj\u0105c przy tym do minimum wszelkie kontakty spo\u0142eczne. Szczepienia maj\u0105 pom\u00f3c ochroni\u0107 zdrowie nasze i naszych najbli\u017cszych, a ostatecznie zapewni\u0107 nam wszystkim zbiorow\u0105 odporno\u015b\u0107. Aby tak si\u0119 jednak sta\u0142o, musi zaszczepi\u0107 si\u0119 jak najwi\u0119cej z nas. Aktualnie liczba mieszka\u0144c\u00f3w naszej gminy w pe\u0142ni zaszczepionych wynosi 1 472, co stanowi zaledwie 23,8 % (stan na 12.07.2021r.). Zwracam si\u0119 ze szczeg\u00f3ln\u0105 pro\u015bb\u0105 do Senior\u00f3w! Szczepi\u0105c si\u0119 chro\u0144cie swoje zdrowie i \u017cycie. Potrzebuj\u0105 Was bliscy, rodzina i przyjaciele\u2026 Apeluj\u0119 do Radnych i So\u0142tys\u00f3w, znaj\u0105cych najbardziej mieszka\u0144c\u00f3w w swoich so\u0142ectwach o zwr\u00f3cenie szczeg\u00f3lnej uwagi na osoby starsze, by\u0107 mo\u017ce samotne, schorowane, kt\u00f3re mog\u0105 mie\u0107 trudno\u015bci z rejestracj\u0105 na szczepienie przeciw Covid-19, potrzebuj\u0105 transportu na szczepienie, b\u0105d\u017a wymagaj\u0105 szczepienia w miejscu zamieszkania. Bardzo prosz\u0119 o zg\u0142aszanie takich informacji do Urz\u0119du Miejskiego w Tykocinie. Jeszcze raz apeluj\u0119 o skorzystanie z mo\u017cliwo\u015bci ochrony przeciwko Covid-19, jak\u0105 daje szczepionka. Wierz\u0119, \u017ce dzi\u0119ki temu wr\u00f3cimy do normalnego \u017cycia. Powstrzymanie epidemii zale\u017cy od naszej odpowiedzialno\u015bci!\" width=\"543\" height=\"768\" srcset=\"http:\/\/umtykocin.pl\/mieszkaniec\/wp-content\/uploads\/sites\/4\/2021\/07\/Plakat_SzczepimySie.jpg 543w, http:\/\/umtykocin.pl\/mieszkaniec\/wp-content\/uploads\/sites\/4\/2021\/07\/Plakat_SzczepimySie-480x679.jpg 480w\" sizes=\"(min-width: 0px) and (max-width: 480px) 480px, (min-width: 481px) 543px, 100vw\" \/><\/p>\n","protected":false},"excerpt":{"rendered":"<p>Ostatni rok by\u0142 dla nas wszystkich szczeg\u00f3lnie trudny. Epidemia wirusa SARS-Cov-2 spowodowa\u0142a, \u017ce musieli\u015bmy zmieni\u0107 swoje dotychczasowe przyzwyczajenia i nauczy\u0107 si\u0119 \u017cy\u0107 w ca\u0142kiem nowej rzeczywisto\u015bci, ograniczaj\u0105c przy tym do minimum wszelkie kontakty spo\u0142eczne. Szczepienia\u00a0 maj\u0105 pom\u00f3c ochroni\u0107 zdrowie nasze i naszych najbli\u017cszych, a ostatecznie zapewni\u0107 nam wszystkim zbiorow\u0105 odporno\u015b\u0107. Aby tak si\u0119 jednak sta\u0142o, [&hellip;]<\/p>\n","protected":false},"author":3,"featured_media":7333,"comment_status":"closed","ping_status":"open","sticky":false,"template":"","format":"standard","meta":{"_et_pb_use_builder":"","_et_pb_old_content":"","_et_gb_content_width":"","cybocfi_hide_featured_image":"","footnotes":""},"categories":[99,3554,151],"tags":[934,3466,3800,3798],"class_list":["post-7330","post","type-post","status-publish","format-standard","has-post-thumbnail","hentry","category-aktualnosci","category-bezpieczenstwo","category-zdrowie","tag-apel","tag-gmina-tykocin","tag-szczepienia","tag-szczepimysie","high-contrast"],"_links":{"self":[{"href":"https:\/\/umtykocin.pl\/mieszkaniec\/wp-json\/wp\/v2\/posts\/7330","targetHints":{"allow":["GET"]}}],"collection":[{"href":"https:\/\/umtykocin.pl\/mieszkaniec\/wp-json\/wp\/v2\/posts"}],"about":[{"href":"https:\/\/umtykocin.pl\/mieszkaniec\/wp-json\/wp\/v2\/types\/post"}],"author":[{"embeddable":true,"href":"https:\/\/umtykocin.pl\/mieszkaniec\/wp-json\/wp\/v2\/users\/3"}],"replies":[{"embeddable":true,"href":"https:\/\/umtykocin.pl\/mieszkaniec\/wp-json\/wp\/v2\/comments?post=7330"}],"version-history":[{"count":2,"href":"https:\/\/umtykocin.pl\/mieszkaniec\/wp-json\/wp\/v2\/posts\/7330\/revisions"}],"predecessor-version":[{"id":7335,"href":"https:\/\/umtykocin.pl\/mieszkaniec\/wp-json\/wp\/v2\/posts\/7330\/revisions\/7335"}],"wp:featuredmedia":[{"embeddable":true,"href":"https:\/\/umtykocin.pl\/mieszkaniec\/wp-json\/wp\/v2\/media\/7333"}],"wp:attachment":[{"href":"https:\/\/umtykocin.pl\/mieszkaniec\/wp-json\/wp\/v2\/media?parent=7330"}],"wp:term":[{"taxonomy":"category","embeddable":true,"href":"https:\/\/umtykocin.pl\/mieszkaniec\/wp-json\/wp\/v2\/categories?post=7330"},{"taxonomy":"post_tag","embeddable":true,"href":"https:\/\/umtykocin.pl\/mieszkaniec\/wp-json\/wp\/v2\/tags?post=7330"}],"curies":[{"name":"wp","href":"https:\/\/api.w.org\/{rel}","templated":true}]}}