{"id":8204,"date":"2022-05-09T14:16:40","date_gmt":"2022-05-09T12:16:40","guid":{"rendered":"http:\/\/umtykocin.pl\/mieszkaniec\/?p=8204"},"modified":"2022-05-09T14:16:40","modified_gmt":"2022-05-09T12:16:40","slug":"burmistrz-tykocina-mariusz-dudzinski-otrzymal-medal-za-wybitne-zaslugi-podlaskiej-policji","status":"publish","type":"post","link":"https:\/\/umtykocin.pl\/mieszkaniec\/burmistrz-tykocina-mariusz-dudzinski-otrzymal-medal-za-wybitne-zaslugi-podlaskiej-policji\/","title":{"rendered":"Burmistrz Tykocina Mariusz Dudzi\u0144ski otrzyma\u0142 medal za wybitne zas\u0142ugi Podlaskiej Policji"},"content":{"rendered":"<p>Starania o zwi\u0119kszenie bezpiecze\u0144stwa poprzez stworzenie posterunku i zakup nowego auta policyjnego zosta\u0142y docenione! W pi\u0105tek 6 maja br. w Operze i Filharmonii Podlaskiej \u2013 Europejskim Centrum Sztuki w Bia\u0142ymstoku odby\u0142 si\u0119 koncert pn.:\u201ePocz\u0105tki Podlaskiej Policji czyli rzecz o Ojczyzny ratowaniu\u201d.<\/p>\n<p>Podczas koncertu Burmistrz Tykocina Mariusz Dudzi\u0144ski otrzyma\u0142 medal za wybitne zas\u0142ugi Podlaskiej Policji.<\/p>\n<p>Medale zas\u0142u\u017conym wr\u0119cza\u0142 z-ca komendanta G\u0142\u00f3wnego Policji nadinspektor Pawe\u0142 Dobrodziej, Wojewoda Podlaski Bohdan Paszkowski oraz Komendant Wojew\u00f3dzkiej Policji w Bia\u0142ymstoku inspektor Robert Szewc.<\/p>\n<p>&nbsp;<\/p>\n<p>To odznaczenie cywilne nadawane jest przez Ministra w\u0142a\u015bciwego do spraw wewn\u0119trznych.<\/p>\n<p>Podczas koncertu zosta\u0142y wykonane standardy przedwojennej muzyki, g\u0142\u00f3wnie pie\u015bni patriotyczne lecz w wersji wsp\u00f3\u0142czesnej, rockowej, m.in. \u201eWojenko, wojenko\u201d, czy \u201ePrzybyli u\u0142ani\u201d. Pie\u015bni patriotyczne wykona\u0142 Ch\u00f3r Komendy Wojew\u00f3dzkiej Policji w Bia\u0142ymstoku.<\/p>\n","protected":false},"excerpt":{"rendered":"<p>Starania o zwi\u0119kszenie bezpiecze\u0144stwa poprzez stworzenie posterunku i zakup nowego auta policyjnego zosta\u0142y docenione! W pi\u0105tek 6 maja br. w Operze i Filharmonii Podlaskiej \u2013 Europejskim Centrum Sztuki w Bia\u0142ymstoku odby\u0142 si\u0119 koncert pn.:\u201ePocz\u0105tki Podlaskiej Policji czyli rzecz o Ojczyzny ratowaniu\u201d. Podczas koncertu Burmistrz Tykocina Mariusz Dudzi\u0144ski otrzyma\u0142 medal za wybitne zas\u0142ugi Podlaskiej Policji. Medale [&hellip;]<\/p>\n","protected":false},"author":3,"featured_media":8205,"comment_status":"closed","ping_status":"open","sticky":false,"template":"","format":"standard","meta":{"_et_pb_use_builder":"","_et_pb_old_content":"","_et_gb_content_width":"","cybocfi_hide_featured_image":"","footnotes":""},"categories":[99,3554],"tags":[3846],"class_list":["post-8204","post","type-post","status-publish","format-standard","has-post-thumbnail","hentry","category-aktualnosci","category-bezpieczenstwo","tag-3846","high-contrast"],"_links":{"self":[{"href":"https:\/\/umtykocin.pl\/mieszkaniec\/wp-json\/wp\/v2\/posts\/8204","targetHints":{"allow":["GET"]}}],"collection":[{"href":"https:\/\/umtykocin.pl\/mieszkaniec\/wp-json\/wp\/v2\/posts"}],"about":[{"href":"https:\/\/umtykocin.pl\/mieszkaniec\/wp-json\/wp\/v2\/types\/post"}],"author":[{"embeddable":true,"href":"https:\/\/umtykocin.pl\/mieszkaniec\/wp-json\/wp\/v2\/users\/3"}],"replies":[{"embeddable":true,"href":"https:\/\/umtykocin.pl\/mieszkaniec\/wp-json\/wp\/v2\/comments?post=8204"}],"version-history":[{"count":2,"href":"https:\/\/umtykocin.pl\/mieszkaniec\/wp-json\/wp\/v2\/posts\/8204\/revisions"}],"predecessor-version":[{"id":8207,"href":"https:\/\/umtykocin.pl\/mieszkaniec\/wp-json\/wp\/v2\/posts\/8204\/revisions\/8207"}],"wp:featuredmedia":[{"embeddable":true,"href":"https:\/\/umtykocin.pl\/mieszkaniec\/wp-json\/wp\/v2\/media\/8205"}],"wp:attachment":[{"href":"https:\/\/umtykocin.pl\/mieszkaniec\/wp-json\/wp\/v2\/media?parent=8204"}],"wp:term":[{"taxonomy":"category","embeddable":true,"href":"https:\/\/umtykocin.pl\/mieszkaniec\/wp-json\/wp\/v2\/categories?post=8204"},{"taxonomy":"post_tag","embeddable":true,"href":"https:\/\/umtykocin.pl\/mieszkaniec\/wp-json\/wp\/v2\/tags?post=8204"}],"curies":[{"name":"wp","href":"https:\/\/api.w.org\/{rel}","templated":true}]}}