{"id":8211,"date":"2022-05-04T14:22:18","date_gmt":"2022-05-04T12:22:18","guid":{"rendered":"http:\/\/umtykocin.pl\/mieszkaniec\/?p=8211"},"modified":"2022-05-09T14:24:50","modified_gmt":"2022-05-09T12:24:50","slug":"niech-zyja-strazacy","status":"publish","type":"post","link":"https:\/\/umtykocin.pl\/mieszkaniec\/niech-zyja-strazacy\/","title":{"rendered":"Niech \u017cyj\u0105 Stra\u017cacy!"},"content":{"rendered":"<div class=\"kvgmc6g5 cxmmr5t8 oygrvhab hcukyx3x c1et5uql ii04i59q\">\n<div dir=\"auto\">W Dniu \u015awi\u0119tego Floriana Burmistrz Tykocina Mariusz Dudzi\u0144ski wraz z Radnymi Rady Miejskiej sk\u0142adaj\u0105 najserdeczniejsze \u017cyczenia wszystkim Stra\u017cakom dzi\u0119kuj\u0105c za Wasz trud, ogromny dar serca, zaanga\u017cowanie, gotowo\u015b\u0107 o ka\u017cdej porze dnia i nocy, a w spos\u00f3b szczeg\u00f3lny za po\u015bwi\u0119cenie w ratowaniu ludzkiego \u017cycia, zdrowia i mienia.<\/div>\n<\/div>\n<div class=\"cxmmr5t8 oygrvhab hcukyx3x c1et5uql o9v6fnle ii04i59q\">\n<div dir=\"auto\">Niech patron Stra\u017cak\u00f3w \u015aw. Florian otacza Was swoj\u0105 opiek\u0105 w wype\u0142nianiu trudnej powinno\u015bci, a odpowiedzialna s\u0142u\u017cba b\u0119dzie powodem do ogromnej dumy i satysfakcji.<\/div>\n<\/div>\n","protected":false},"excerpt":{"rendered":"<p>W Dniu \u015awi\u0119tego Floriana Burmistrz Tykocina Mariusz Dudzi\u0144ski wraz z Radnymi Rady Miejskiej sk\u0142adaj\u0105 najserdeczniejsze \u017cyczenia wszystkim Stra\u017cakom dzi\u0119kuj\u0105c za Wasz trud, ogromny dar serca, zaanga\u017cowanie, gotowo\u015b\u0107 o ka\u017cdej porze dnia i nocy, a w spos\u00f3b szczeg\u00f3lny za po\u015bwi\u0119cenie w ratowaniu ludzkiego \u017cycia, zdrowia i mienia. Niech patron Stra\u017cak\u00f3w \u015aw. Florian otacza Was swoj\u0105 opiek\u0105 [&hellip;]<\/p>\n","protected":false},"author":3,"featured_media":8212,"comment_status":"closed","ping_status":"open","sticky":false,"template":"","format":"standard","meta":{"_et_pb_use_builder":"","_et_pb_old_content":"","_et_gb_content_width":"","cybocfi_hide_featured_image":"","footnotes":""},"categories":[99,3554],"tags":[3850],"class_list":["post-8211","post","type-post","status-publish","format-standard","has-post-thumbnail","hentry","category-aktualnosci","category-bezpieczenstwo","tag-niech-zyja-strazacy","high-contrast"],"_links":{"self":[{"href":"https:\/\/umtykocin.pl\/mieszkaniec\/wp-json\/wp\/v2\/posts\/8211","targetHints":{"allow":["GET"]}}],"collection":[{"href":"https:\/\/umtykocin.pl\/mieszkaniec\/wp-json\/wp\/v2\/posts"}],"about":[{"href":"https:\/\/umtykocin.pl\/mieszkaniec\/wp-json\/wp\/v2\/types\/post"}],"author":[{"embeddable":true,"href":"https:\/\/umtykocin.pl\/mieszkaniec\/wp-json\/wp\/v2\/users\/3"}],"replies":[{"embeddable":true,"href":"https:\/\/umtykocin.pl\/mieszkaniec\/wp-json\/wp\/v2\/comments?post=8211"}],"version-history":[{"count":1,"href":"https:\/\/umtykocin.pl\/mieszkaniec\/wp-json\/wp\/v2\/posts\/8211\/revisions"}],"predecessor-version":[{"id":8213,"href":"https:\/\/umtykocin.pl\/mieszkaniec\/wp-json\/wp\/v2\/posts\/8211\/revisions\/8213"}],"wp:featuredmedia":[{"embeddable":true,"href":"https:\/\/umtykocin.pl\/mieszkaniec\/wp-json\/wp\/v2\/media\/8212"}],"wp:attachment":[{"href":"https:\/\/umtykocin.pl\/mieszkaniec\/wp-json\/wp\/v2\/media?parent=8211"}],"wp:term":[{"taxonomy":"category","embeddable":true,"href":"https:\/\/umtykocin.pl\/mieszkaniec\/wp-json\/wp\/v2\/categories?post=8211"},{"taxonomy":"post_tag","embeddable":true,"href":"https:\/\/umtykocin.pl\/mieszkaniec\/wp-json\/wp\/v2\/tags?post=8211"}],"curies":[{"name":"wp","href":"https:\/\/api.w.org\/{rel}","templated":true}]}}