{"id":8479,"date":"2022-10-07T15:23:33","date_gmt":"2022-10-07T13:23:33","guid":{"rendered":"http:\/\/umtykocin.pl\/mieszkaniec\/?p=8479"},"modified":"2022-10-07T15:35:19","modified_gmt":"2022-10-07T13:35:19","slug":"mozliwosc-wylaczenia-sie-przez-wlascicieli-nieruchomosci-niezamieszkalych-z-systemu-gospodarowania-odpadami-komunalnymi-organizowanego-przez-gmine-tykocin-od-1-stycznia-2023-r","status":"publish","type":"post","link":"https:\/\/umtykocin.pl\/mieszkaniec\/mozliwosc-wylaczenia-sie-przez-wlascicieli-nieruchomosci-niezamieszkalych-z-systemu-gospodarowania-odpadami-komunalnymi-organizowanego-przez-gmine-tykocin-od-1-stycznia-2023-r\/","title":{"rendered":"Mo\u017cliwo\u015b\u0107 wy\u0142\u0105czenia si\u0119 przez w\u0142a\u015bcicieli nieruchomo\u015bci niezamieszka\u0142ych z systemu gospodarowania odpadami komunalnymi, organizowanego przez gmin\u0119 Tykocin przez okres 6 miesi\u0119cy z zastrze\u017ceniem, \u017ce nie wcze\u015bniej ni\u017c 1 stycznia 2023 r."},"content":{"rendered":"<p style=\"text-align: center\"><strong><u>ZAWIADOMIENIE DO W\u0141A\u015aCICIELI NIERUCHOMO\u015aCI NIEZAMIESZKA\u0141YCH<\/u><\/strong><\/p>\n<p style=\"text-align: center\"><strong><u>(OSOBY PROWADZ\u0104CE DZIA\u0141ALNO\u015a\u0106 NA TERENIE GM. TYKOCIN) <\/u><\/strong><\/p>\n<p style=\"text-align: center\"><strong><em><u>O ZAMIARZE PRZEPROWADZENIA POST\u0118POWANIA O\u00a0UDZIELENIE ZAM\u00d3WIENIA PUBLICZNEGO NA ODBIERANIE ODPAD\u00d3W KOMUNALNYCH OD W\u0141A\u015aCICIELI NIERUCHOMO\u015aCI, NA KT\u00d3RYCH NIE ZAMIESZKUJ\u0104 MIESZKA\u0143CY<\/u><\/em><\/strong><\/p>\n<p>Na podstawie art. 6c ust. 3c, 3e, ustawy z\u00a0dnia 13 wrze\u015bnia 1996 r. o\u00a0utrzymaniu czysto\u015bci i\u00a0porz\u0105dku w\u00a0gminach (Dz. U. z\u00a02022 r. poz. 1297 \u2013 tekst jednolity z\u00a0p\u00f3\u017an. zm.), Burmistrz Tykocina zawiadamia w\u0142a\u015bcicieli nieruchomo\u015bci niezamieszka\u0142ych, po\u0142o\u017conych na terenie gminy Tykocin, o\u00a0zamiarze przeprowadzenia post\u0119powania o\u00a0udzielenie zam\u00f3wienia publicznego na odbieranie odpad\u00f3w komunalnych, m.in. od w\u0142a\u015bcicieli nieruchomo\u015bci, na kt\u00f3rych nie zamieszkuj\u0105 mieszka\u0144cy, oraz zawarcia umowy z\u00a0wy\u0142onionym wykonawc\u0105 w\u00a0trybie przetargu nieograniczonego tj. <em>\u201e<\/em><strong>Odbi\u00f3r<br \/>\ni zagospodarowanie odpad\u00f3w komunalnych z nieruchomo\u015bci po\u0142o\u017conych<br \/>\nw granicach administracyjnych gminy Tykocin w 2023 r.<\/strong>\u201d.<\/p>\n<p>Maj\u0105c na uwadze powy\u017csze w\u0142a\u015bciciele nieruchomo\u015bci niezamieszka\u0142ych w\u00a0terminie, nie kr\u00f3tszym ni\u017c \u00a060 dni od daty zamieszczenia niniejszego zawiadomienia w\u00a0Biuletynie Informacji Publicznej <strong>(ustala si\u0119 dat\u0119 do 12 grudnia 2022 r.)<\/strong>, maj\u0105 mo\u017cliwo\u015b\u0107:<\/p>\n<ul>\n<li>z\u0142o\u017cenia o\u015bwiadczenia o\u00a0wy\u0142\u0105czeniu si\u0119 z\u00a0systemu odbierania odpad\u00f3w komunalnych zorganizowanego przez gmin\u0119,<\/li>\n<li>odwo\u0142ania o\u015bwiadczenia o\u00a0wy\u0142\u0105czeniu si\u0119 z\u00a0systemu odbierania odpad\u00f3w komunalnych zorganizowanego przez gmin\u0119, je\u017celi nieruchomo\u015b\u0107 jest wy\u0142\u0105czona z\u00a0tego systemu na podstawie tego o\u015bwiadczenia;<\/li>\n<\/ul>\n<p>W pisemnym o\u015bwiadczeniu o\u00a0wy\u0142\u0105czeniu si\u0119 z\u00a0systemu odbierania odpad\u00f3w komunalnych, w\u0142a\u015bciciel nieruchomo\u015bci wskazuje gminn\u0105 jednostk\u0119 organizacyjn\u0105 lub przedsi\u0119biorc\u0119, z\u00a0kt\u00f3rym zawar\u0142 umow\u0119, o\u00a0kt\u00f3rej mowa w\u00a0art. 6 ust. 1 pkt 2 ustawy z\u00a0dnia 13 wrze\u015bnia 1996 r. o\u00a0utrzymaniu czysto\u015bci i\u00a0porz\u0105dku w\u00a0gminach oraz do\u0142\u0105cza do o\u015bwiadczenia kopi\u0119 tej umowy, pod rygorem nieskuteczno\u015bci o\u015bwiadczenia.<\/p>\n<p>Do nieruchomo\u015bci niezamieszka\u0142ych, na kt\u00f3rych powstaj\u0105 odpady komunalne zalicza si\u0119 m.in. obiekty u\u017cyteczno\u015bci publicznej takie jak: szko\u0142y, przedszkola, urz\u0119dy, biblioteki oraz obiekty produkcyjne, us\u0142ugowe i\u00a0handlowe.<\/p>\n<p><strong>O\u015bwiadczenie jest skuteczne od dnia, w\u00a0kt\u00f3rym obowi\u0105zywa\u0107 b\u0119dzie nast\u0119pna umowa w\u00a0sprawie zam\u00f3wienia publicznego na odbieranie odpad\u00f3w komunalnych od w\u0142a\u015bcicieli nieruchomo\u015bci, na kt\u00f3rych nie zamieszkuj\u0105 mieszka\u0144cy i\u00a0nie mo\u017ce by\u0107 odwo\u0142ane przez okres obowi\u0105zywania tej umowy <\/strong><strong>, tj. przez okres 6 miesi\u0119cy z zastrze\u017ceniem, \u017ce nie wcze\u015bniej ni\u017c <u>1 stycznia 2023 r. <\/u><\/strong><\/p>\n<p>Druki o\u015bwiadcze\u0144 do pobrania znajduj\u0105 si\u0119 na stronie internetowej:\u00a0 <u>http:\/\/bip.um.tykocin.wrotapodlasia.pl<\/u> zak\u0142adka Ochrona \u015brodowiska i gospodarka komunalna \u2013 Odpady, pod numerem 13 i 13b.<\/p>\n<p><a href=\"http:\/\/umtykocin.pl\/mieszkaniec\/wp-content\/uploads\/sites\/4\/2022\/10\/oswiadczenie_o_wylaczenie_z_systemu_odpadami.docx\">oswiadczenie_o_wylaczenie_z_systemu_odpadami<\/a><\/p>\n","protected":false},"excerpt":{"rendered":"<p>ZAWIADOMIENIE DO W\u0141A\u015aCICIELI NIERUCHOMO\u015aCI NIEZAMIESZKA\u0141YCH (OSOBY PROWADZ\u0104CE DZIA\u0141ALNO\u015a\u0106 NA TERENIE GM. TYKOCIN) O ZAMIARZE PRZEPROWADZENIA POST\u0118POWANIA O\u00a0UDZIELENIE ZAM\u00d3WIENIA PUBLICZNEGO NA ODBIERANIE ODPAD\u00d3W KOMUNALNYCH OD W\u0141A\u015aCICIELI NIERUCHOMO\u015aCI, NA KT\u00d3RYCH NIE ZAMIESZKUJ\u0104 MIESZKA\u0143CY Na podstawie art. 6c ust. 3c, 3e, ustawy z\u00a0dnia 13 wrze\u015bnia 1996 r. o\u00a0utrzymaniu czysto\u015bci i\u00a0porz\u0105dku w\u00a0gminach (Dz. U. z\u00a02022 r. poz. 1297 \u2013 [&hellip;]<\/p>\n","protected":false},"author":10009,"featured_media":8483,"comment_status":"closed","ping_status":"open","sticky":false,"template":"","format":"standard","meta":{"_et_pb_use_builder":"","_et_pb_old_content":"","_et_gb_content_width":"","cybocfi_hide_featured_image":"","footnotes":""},"categories":[99,165],"tags":[3910,3912],"class_list":["post-8479","post","type-post","status-publish","format-standard","has-post-thumbnail","hentry","category-aktualnosci","category-gospodarka-odpadami-komunalnymi","tag-mozliwosc-wylaczenia-sie-przez-wlascicieli-nieruchomosci-niezamieszkalych-z-systemu-gospodarowania-odpadami-komunalnymi","tag-organizowanego-przez-gmine-tykocin-od-1-stycznia-2023-r","high-contrast"],"_links":{"self":[{"href":"https:\/\/umtykocin.pl\/mieszkaniec\/wp-json\/wp\/v2\/posts\/8479","targetHints":{"allow":["GET"]}}],"collection":[{"href":"https:\/\/umtykocin.pl\/mieszkaniec\/wp-json\/wp\/v2\/posts"}],"about":[{"href":"https:\/\/umtykocin.pl\/mieszkaniec\/wp-json\/wp\/v2\/types\/post"}],"author":[{"embeddable":true,"href":"https:\/\/umtykocin.pl\/mieszkaniec\/wp-json\/wp\/v2\/users\/10009"}],"replies":[{"embeddable":true,"href":"https:\/\/umtykocin.pl\/mieszkaniec\/wp-json\/wp\/v2\/comments?post=8479"}],"version-history":[{"count":3,"href":"https:\/\/umtykocin.pl\/mieszkaniec\/wp-json\/wp\/v2\/posts\/8479\/revisions"}],"predecessor-version":[{"id":8485,"href":"https:\/\/umtykocin.pl\/mieszkaniec\/wp-json\/wp\/v2\/posts\/8479\/revisions\/8485"}],"wp:featuredmedia":[{"embeddable":true,"href":"https:\/\/umtykocin.pl\/mieszkaniec\/wp-json\/wp\/v2\/media\/8483"}],"wp:attachment":[{"href":"https:\/\/umtykocin.pl\/mieszkaniec\/wp-json\/wp\/v2\/media?parent=8479"}],"wp:term":[{"taxonomy":"category","embeddable":true,"href":"https:\/\/umtykocin.pl\/mieszkaniec\/wp-json\/wp\/v2\/categories?post=8479"},{"taxonomy":"post_tag","embeddable":true,"href":"https:\/\/umtykocin.pl\/mieszkaniec\/wp-json\/wp\/v2\/tags?post=8479"}],"curies":[{"name":"wp","href":"https:\/\/api.w.org\/{rel}","templated":true}]}}