{"id":8507,"date":"2022-10-28T15:29:08","date_gmt":"2022-10-28T13:29:08","guid":{"rendered":"http:\/\/umtykocin.pl\/mieszkaniec\/?p=8507"},"modified":"2022-10-28T15:31:30","modified_gmt":"2022-10-28T13:31:30","slug":"nowy-sprzet-w-jednostce-osp-tykocin-dzieki-wsparciu-wojewodztwa-podlaskiego","status":"publish","type":"post","link":"https:\/\/umtykocin.pl\/mieszkaniec\/nowy-sprzet-w-jednostce-osp-tykocin-dzieki-wsparciu-wojewodztwa-podlaskiego\/","title":{"rendered":"Nowy sprz\u0119t w jednostce OSP Tykocin dzi\u0119ki wsparciu wojew\u00f3dztwa podlaskiego."},"content":{"rendered":"<p>Dzi\u0119ki wsparciu z Urz\u0119du Marsza\u0142kowskiego Wojew\u00f3dztwa Podlaskiego zakupiono sprz\u0119t ratowniczy \u00a0do jednostki OSP Tykocin za kwot\u0119 25.000,00 z\u0142.<\/p>\n<p>Zakupiony zosta\u0142 sprz\u0119t:<\/p>\n<ul>\n<li>Zestaw do wywarzania drzwi<\/li>\n<li>Zestaw poduszek Vetter II Standard 8 bar<\/li>\n<\/ul>\n<p><img loading=\"lazy\" decoding=\"async\" class=\"wp-image-8508 aligncenter\" src=\"http:\/\/umtykocin.pl\/mieszkaniec\/wp-content\/uploads\/sites\/4\/2022\/10\/image0000001.jpg\" alt=\"\" width=\"384\" height=\"288\" \/><\/p>\n<p>Dzi\u0119kujemy Marsza\u0142kowi Wojew\u00f3dztwa Podlaskiego i Urz\u0119dowi Marsza\u0142kowskiemu Wojew\u00f3dztwa Podlaskiego za wsparcie dotacj\u0105 zakupu sprz\u0119tu zwi\u0119kszaj\u0105cego bezpiecze\u0144stwo na terenie jednostki OSP Tykocin.<img loading=\"lazy\" decoding=\"async\" class=\"size-full wp-image-8510 aligncenter\" src=\"http:\/\/umtykocin.pl\/mieszkaniec\/wp-content\/uploads\/sites\/4\/2022\/10\/zubr.jpg\" alt=\"\" width=\"573\" height=\"195\" srcset=\"http:\/\/umtykocin.pl\/mieszkaniec\/wp-content\/uploads\/sites\/4\/2022\/10\/zubr.jpg 573w, http:\/\/umtykocin.pl\/mieszkaniec\/wp-content\/uploads\/sites\/4\/2022\/10\/zubr-480x163.jpg 480w\" sizes=\"(min-width: 0px) and (max-width: 480px) 480px, (min-width: 481px) 573px, 100vw\" \/><\/p>\n","protected":false},"excerpt":{"rendered":"<p>Dzi\u0119ki wsparciu z Urz\u0119du Marsza\u0142kowskiego Wojew\u00f3dztwa Podlaskiego zakupiono sprz\u0119t ratowniczy \u00a0do jednostki OSP Tykocin za kwot\u0119 25.000,00 z\u0142. Zakupiony zosta\u0142 sprz\u0119t: Zestaw do wywarzania drzwi Zestaw poduszek Vetter II Standard 8 bar Dzi\u0119kujemy Marsza\u0142kowi Wojew\u00f3dztwa Podlaskiego i Urz\u0119dowi Marsza\u0142kowskiemu Wojew\u00f3dztwa Podlaskiego za wsparcie dotacj\u0105 zakupu sprz\u0119tu zwi\u0119kszaj\u0105cego bezpiecze\u0144stwo na terenie jednostki OSP Tykocin.<\/p>\n","protected":false},"author":10009,"featured_media":8509,"comment_status":"closed","ping_status":"open","sticky":false,"template":"","format":"standard","meta":{"_et_pb_use_builder":"","_et_pb_old_content":"","_et_gb_content_width":"","cybocfi_hide_featured_image":"","footnotes":""},"categories":[99,3554],"tags":[3926],"class_list":["post-8507","post","type-post","status-publish","format-standard","has-post-thumbnail","hentry","category-aktualnosci","category-bezpieczenstwo","tag-nowy-sprzet-w-jednostce-osp-tykocin-dzieki-wsparciu-wojewodztwa-podlaskiego","high-contrast"],"_links":{"self":[{"href":"https:\/\/umtykocin.pl\/mieszkaniec\/wp-json\/wp\/v2\/posts\/8507","targetHints":{"allow":["GET"]}}],"collection":[{"href":"https:\/\/umtykocin.pl\/mieszkaniec\/wp-json\/wp\/v2\/posts"}],"about":[{"href":"https:\/\/umtykocin.pl\/mieszkaniec\/wp-json\/wp\/v2\/types\/post"}],"author":[{"embeddable":true,"href":"https:\/\/umtykocin.pl\/mieszkaniec\/wp-json\/wp\/v2\/users\/10009"}],"replies":[{"embeddable":true,"href":"https:\/\/umtykocin.pl\/mieszkaniec\/wp-json\/wp\/v2\/comments?post=8507"}],"version-history":[{"count":2,"href":"https:\/\/umtykocin.pl\/mieszkaniec\/wp-json\/wp\/v2\/posts\/8507\/revisions"}],"predecessor-version":[{"id":8512,"href":"https:\/\/umtykocin.pl\/mieszkaniec\/wp-json\/wp\/v2\/posts\/8507\/revisions\/8512"}],"wp:featuredmedia":[{"embeddable":true,"href":"https:\/\/umtykocin.pl\/mieszkaniec\/wp-json\/wp\/v2\/media\/8509"}],"wp:attachment":[{"href":"https:\/\/umtykocin.pl\/mieszkaniec\/wp-json\/wp\/v2\/media?parent=8507"}],"wp:term":[{"taxonomy":"category","embeddable":true,"href":"https:\/\/umtykocin.pl\/mieszkaniec\/wp-json\/wp\/v2\/categories?post=8507"},{"taxonomy":"post_tag","embeddable":true,"href":"https:\/\/umtykocin.pl\/mieszkaniec\/wp-json\/wp\/v2\/tags?post=8507"}],"curies":[{"name":"wp","href":"https:\/\/api.w.org\/{rel}","templated":true}]}}