{"id":8607,"date":"2023-02-03T13:14:57","date_gmt":"2023-02-03T12:14:57","guid":{"rendered":"http:\/\/umtykocin.pl\/mieszkaniec\/?p=8607"},"modified":"2023-02-03T13:28:55","modified_gmt":"2023-02-03T12:28:55","slug":"odbior-popiolu","status":"publish","type":"post","link":"https:\/\/umtykocin.pl\/mieszkaniec\/odbior-popiolu\/","title":{"rendered":"Odbi\u00f3r popio\u0142u"},"content":{"rendered":"<p style=\"text-align: center\"><strong>MIESZKA\u0143CY GMINY TYKOCIN!<\/strong><\/p>\n<p style=\"text-align: left\">Je\u017celi na posesji powstaje popi\u00f3\u0142 to nale\u017cy go zbiera\u0107 w spos\u00f3b selektywny, a w\u0142a\u015bciciele zobowi\u0105zani s\u0105 do gromadzenia popio\u0142u w specjalnie do tego przeznaczonych workach umo\u017cliwiaj\u0105cych ich za\u0142adunek i odbi\u00f3r przez uprawnionego wykonawc\u0119.<\/p>\n<p style=\"text-align: left\"><strong>POPIO\u0141U NIE NALE\u017bY WRZUCA\u0106 DO ODPAD\u00d3W ZMIESZANYCH, NALE\u017bY GO SEGREGOWA\u0106 <\/strong><strong>ODDZIELNIE!<\/strong><\/p>\n<p style=\"text-align: left\">Worki przeznaczone do popio\u0142u to worki szare, kt\u00f3re mo\u017cna otrzyma\u0107 w Urz\u0119dzie Miejskim w Tykocinie b\u0105d\u017a u kierowc\u00f3w odbieraj\u0105cych odpady.<\/p>\n<p style=\"text-align: left\">Maj\u0105c wi\u0119c na uwadze zar\u00f3wno ilo\u015b\u0107 odpad\u00f3w, ponoszone przez nas wsp\u00f3lnie koszty systemu gospodarki odpadami, jak r\u00f3wnie\u017c kwestie bezpiecze\u0144stwa os\u00f3b odbieraj\u0105cych odpady, prosimy o dostosowanie si\u0119 do wy\u017cej wymienionych wymaga\u0144 utrzymania czysto\u015bci oraz zachowania nale\u017cytej staranno\u015bci w trakcie umieszczania popio\u0142u w workach. Do worka nale\u017cy wrzuca\u0107 jedynie WYSTUDZONY (zimny) popi\u00f3\u0142.<\/p>\n<p style=\"text-align: left\"><strong>Umieszczanie popio\u0142u w odpadach zmieszanych, skutkowa\u0107 b\u0119dzie brakiem odbioru odpad\u00f3w <\/strong><strong>z posesji mieszka\u0144c\u00f3w<\/strong><\/p>\n","protected":false},"excerpt":{"rendered":"<p>MIESZKA\u0143CY GMINY TYKOCIN! Je\u017celi na posesji powstaje popi\u00f3\u0142 to nale\u017cy go zbiera\u0107 w spos\u00f3b selektywny, a w\u0142a\u015bciciele zobowi\u0105zani s\u0105 do gromadzenia popio\u0142u w specjalnie do tego przeznaczonych workach umo\u017cliwiaj\u0105cych ich za\u0142adunek i odbi\u00f3r przez uprawnionego wykonawc\u0119. POPIO\u0141U NIE NALE\u017bY WRZUCA\u0106 DO ODPAD\u00d3W ZMIESZANYCH, NALE\u017bY GO SEGREGOWA\u0106 ODDZIELNIE! Worki przeznaczone do popio\u0142u to worki szare, kt\u00f3re [&hellip;]<\/p>\n","protected":false},"author":10009,"featured_media":8611,"comment_status":"closed","ping_status":"open","sticky":false,"template":"","format":"standard","meta":{"_et_pb_use_builder":"","_et_pb_old_content":"","_et_gb_content_width":"","cybocfi_hide_featured_image":"","footnotes":""},"categories":[99,165],"tags":[3950],"class_list":["post-8607","post","type-post","status-publish","format-standard","has-post-thumbnail","hentry","category-aktualnosci","category-gospodarka-odpadami-komunalnymi","tag-odbior-popiolu","high-contrast"],"_links":{"self":[{"href":"https:\/\/umtykocin.pl\/mieszkaniec\/wp-json\/wp\/v2\/posts\/8607","targetHints":{"allow":["GET"]}}],"collection":[{"href":"https:\/\/umtykocin.pl\/mieszkaniec\/wp-json\/wp\/v2\/posts"}],"about":[{"href":"https:\/\/umtykocin.pl\/mieszkaniec\/wp-json\/wp\/v2\/types\/post"}],"author":[{"embeddable":true,"href":"https:\/\/umtykocin.pl\/mieszkaniec\/wp-json\/wp\/v2\/users\/10009"}],"replies":[{"embeddable":true,"href":"https:\/\/umtykocin.pl\/mieszkaniec\/wp-json\/wp\/v2\/comments?post=8607"}],"version-history":[{"count":2,"href":"https:\/\/umtykocin.pl\/mieszkaniec\/wp-json\/wp\/v2\/posts\/8607\/revisions"}],"predecessor-version":[{"id":8612,"href":"https:\/\/umtykocin.pl\/mieszkaniec\/wp-json\/wp\/v2\/posts\/8607\/revisions\/8612"}],"wp:featuredmedia":[{"embeddable":true,"href":"https:\/\/umtykocin.pl\/mieszkaniec\/wp-json\/wp\/v2\/media\/8611"}],"wp:attachment":[{"href":"https:\/\/umtykocin.pl\/mieszkaniec\/wp-json\/wp\/v2\/media?parent=8607"}],"wp:term":[{"taxonomy":"category","embeddable":true,"href":"https:\/\/umtykocin.pl\/mieszkaniec\/wp-json\/wp\/v2\/categories?post=8607"},{"taxonomy":"post_tag","embeddable":true,"href":"https:\/\/umtykocin.pl\/mieszkaniec\/wp-json\/wp\/v2\/tags?post=8607"}],"curies":[{"name":"wp","href":"https:\/\/api.w.org\/{rel}","templated":true}]}}