{"id":8646,"date":"2023-02-17T14:32:13","date_gmt":"2023-02-17T13:32:13","guid":{"rendered":"http:\/\/umtykocin.pl\/mieszkaniec\/?p=8646"},"modified":"2023-02-17T14:32:13","modified_gmt":"2023-02-17T13:32:13","slug":"ostrzezenie-meteorologiczne-silny-wiatr","status":"publish","type":"post","link":"https:\/\/umtykocin.pl\/mieszkaniec\/ostrzezenie-meteorologiczne-silny-wiatr\/","title":{"rendered":"Ostrze\u017cenie meteorologiczne- silny wiatr"},"content":{"rendered":"<p>Urz\u0105d Miejski w Tykocinie w za\u0142\u0105czeniu udost\u0119pnia informacj\u0119 przekazan\u0105 przez G\u0142\u00f3wny Inspektorat Nadzoru Budowlanego dot. sytuacji meteorologicznej prognozowanej w najbli\u017cszych dniach w Polsce.<\/p>\n<p><a href=\"http:\/\/umtykocin.pl\/mieszkaniec\/wp-content\/uploads\/sites\/4\/2023\/02\/Pismo-GINB-silne-wiatry-nad-Polska-do-gmin.pdf\">Pismo GINB &#8211; silne wiatry nad Polsk\u0105 do gmin<\/a><\/p>\n","protected":false},"excerpt":{"rendered":"<p>Urz\u0105d Miejski w Tykocinie w za\u0142\u0105czeniu udost\u0119pnia informacj\u0119 przekazan\u0105 przez G\u0142\u00f3wny Inspektorat Nadzoru Budowlanego dot. sytuacji meteorologicznej prognozowanej w najbli\u017cszych dniach w Polsce. Pismo GINB &#8211; silne wiatry nad Polsk\u0105 do gmin<\/p>\n","protected":false},"author":10011,"featured_media":8647,"comment_status":"closed","ping_status":"open","sticky":false,"template":"","format":"standard","meta":{"_et_pb_use_builder":"","_et_pb_old_content":"","_et_gb_content_width":"","cybocfi_hide_featured_image":"","footnotes":""},"categories":[1004],"tags":[3957],"class_list":["post-8646","post","type-post","status-publish","format-standard","has-post-thumbnail","hentry","category-zarzadzanie-kryzysowe","tag-pogoda","high-contrast"],"_links":{"self":[{"href":"https:\/\/umtykocin.pl\/mieszkaniec\/wp-json\/wp\/v2\/posts\/8646","targetHints":{"allow":["GET"]}}],"collection":[{"href":"https:\/\/umtykocin.pl\/mieszkaniec\/wp-json\/wp\/v2\/posts"}],"about":[{"href":"https:\/\/umtykocin.pl\/mieszkaniec\/wp-json\/wp\/v2\/types\/post"}],"author":[{"embeddable":true,"href":"https:\/\/umtykocin.pl\/mieszkaniec\/wp-json\/wp\/v2\/users\/10011"}],"replies":[{"embeddable":true,"href":"https:\/\/umtykocin.pl\/mieszkaniec\/wp-json\/wp\/v2\/comments?post=8646"}],"version-history":[{"count":2,"href":"https:\/\/umtykocin.pl\/mieszkaniec\/wp-json\/wp\/v2\/posts\/8646\/revisions"}],"predecessor-version":[{"id":8650,"href":"https:\/\/umtykocin.pl\/mieszkaniec\/wp-json\/wp\/v2\/posts\/8646\/revisions\/8650"}],"wp:featuredmedia":[{"embeddable":true,"href":"https:\/\/umtykocin.pl\/mieszkaniec\/wp-json\/wp\/v2\/media\/8647"}],"wp:attachment":[{"href":"https:\/\/umtykocin.pl\/mieszkaniec\/wp-json\/wp\/v2\/media?parent=8646"}],"wp:term":[{"taxonomy":"category","embeddable":true,"href":"https:\/\/umtykocin.pl\/mieszkaniec\/wp-json\/wp\/v2\/categories?post=8646"},{"taxonomy":"post_tag","embeddable":true,"href":"https:\/\/umtykocin.pl\/mieszkaniec\/wp-json\/wp\/v2\/tags?post=8646"}],"curies":[{"name":"wp","href":"https:\/\/api.w.org\/{rel}","templated":true}]}}