{"id":8665,"date":"2023-03-03T09:09:48","date_gmt":"2023-03-03T08:09:48","guid":{"rendered":"http:\/\/umtykocin.pl\/mieszkaniec\/?p=8665"},"modified":"2023-03-27T08:24:12","modified_gmt":"2023-03-27T06:24:12","slug":"xx-ogolnokrajowy-konkurs-bezpieczne-gospodarstw-rolne","status":"publish","type":"post","link":"https:\/\/umtykocin.pl\/mieszkaniec\/xx-ogolnokrajowy-konkurs-bezpieczne-gospodarstw-rolne\/","title":{"rendered":"XX Og\u00f3lnokrajowy Konkurs Bezpieczne Gospodarstw Rolne"},"content":{"rendered":"<p>Konkurs organizowany jest od 2003 roku w ramach dzia\u0142a\u0144 na rzecz zmniejszenia liczby wypadk\u00f3w i chor\u00f3b zawodowych rolnik\u00f3w. Celem dwudziestej, jubileuszowej edycji Og\u00f3lnokrajowego Konkursu na <em>Bezpieczne Gospodarstwo Rolne<\/em> jest promocja zasad ochrony zdrowia i \u017cycia w gospodarstwie rolnym oraz upowszechnienie wiedzy na temat zapobiegania wypadkom przy pracy rolniczej i rolniczym chorobom zawodowym. Udzia\u0142 w konkursie jest niezwyk\u0142\u0105 okazj\u0105 do zidentyfikowania wielu zagro\u017ce\u0144 w miejscu pracy rolnik\u00f3w oraz zach\u0119t\u0105 do ich wyeliminowania. Konkurs skierowany jest do w\u0142a\u015bcicieli gospodarstw indywidualnych,<br \/>\nz kt\u00f3rych przynajmniej jeden z w\u0142a\u015bcicieli obj\u0119ty jest ubezpieczeniem spo\u0142ecznym rolnik\u00f3w. Udzia\u0142 w Konkursie mog\u0105 wzi\u0105\u0107 zar\u00f3wno du\u017ce, jak i ma\u0142e gospodarstwa rolne.<\/p>\n<p>Organizatorami przedsi\u0119wzi\u0119cia s\u0105: Ministerstwo Rolnictwa i Rozwoju Wsi, Kasa Rolniczego Ubezpieczenia Spo\u0142ecznego, Pa\u0144stwowa Inspekcja Pracy oraz Krajowy O\u015brodek Wsparcia Rolnictwa. Konkurs przebiega pod patronatem Honorowym Prezydenta RP Andrzeja Dudy. Partnerem strategicznym s\u0105 AGRO Ubezpieczenia \u2013 Towarzystwo Ubezpiecze\u0144 Wzajemnych.<\/p>\n<p>Regulamin konkursu wraz z formularzem zg\u0142oszeniowym dost\u0119pny jest w Plac\u00f3wkach Terenowych i Oddziale Kasy oraz na stronie internetowej <a href=\"http:\/\/www.krus.gov.pl\/\">www.krus.gov.pl<\/a>.<\/p>\n<p>Warunkiem udzia\u0142u w Konkursie jest przekazanie do najbli\u017cszej PT KRUS lub OR KRUS w Bia\u0142ymstoku, w terminie do 21 kwietnia 2023 r. wype\u0142nionego <em>Formularza zg\u0142oszeniowego <\/em>(kt\u00f3rego wz\u00f3r okre\u015bla za\u0142\u0105cznik nr 1 do Regulaminu Konkursu).<\/p>\n<p>W dotychczasowych dziewi\u0119tnastu edycjach udzia\u0142 wzi\u0119\u0142o ponad 22 tysi\u0105ce gospodarstw indywidualnych.<\/p>\n<p>Zapraszamy do udzia\u0142u w konkursie.<\/p>\n","protected":false},"excerpt":{"rendered":"<p>Konkurs organizowany jest od 2003 roku w ramach dzia\u0142a\u0144 na rzecz zmniejszenia liczby wypadk\u00f3w i chor\u00f3b zawodowych rolnik\u00f3w. Celem dwudziestej, jubileuszowej edycji Og\u00f3lnokrajowego Konkursu na Bezpieczne Gospodarstwo Rolne jest promocja zasad ochrony zdrowia i \u017cycia w gospodarstwie rolnym oraz upowszechnienie wiedzy na temat zapobiegania wypadkom przy pracy rolniczej i rolniczym chorobom zawodowym. Udzia\u0142 w konkursie [&hellip;]<\/p>\n","protected":false},"author":10011,"featured_media":8721,"comment_status":"closed","ping_status":"open","sticky":false,"template":"","format":"standard","meta":{"_et_pb_use_builder":"","_et_pb_old_content":"","_et_gb_content_width":"","cybocfi_hide_featured_image":"","footnotes":""},"categories":[3554],"tags":[3959],"class_list":["post-8665","post","type-post","status-publish","format-standard","has-post-thumbnail","hentry","category-bezpieczenstwo","tag-konkurs-bezpieczne-gospodarstwo-rolne","high-contrast"],"_links":{"self":[{"href":"https:\/\/umtykocin.pl\/mieszkaniec\/wp-json\/wp\/v2\/posts\/8665","targetHints":{"allow":["GET"]}}],"collection":[{"href":"https:\/\/umtykocin.pl\/mieszkaniec\/wp-json\/wp\/v2\/posts"}],"about":[{"href":"https:\/\/umtykocin.pl\/mieszkaniec\/wp-json\/wp\/v2\/types\/post"}],"author":[{"embeddable":true,"href":"https:\/\/umtykocin.pl\/mieszkaniec\/wp-json\/wp\/v2\/users\/10011"}],"replies":[{"embeddable":true,"href":"https:\/\/umtykocin.pl\/mieszkaniec\/wp-json\/wp\/v2\/comments?post=8665"}],"version-history":[{"count":1,"href":"https:\/\/umtykocin.pl\/mieszkaniec\/wp-json\/wp\/v2\/posts\/8665\/revisions"}],"predecessor-version":[{"id":8667,"href":"https:\/\/umtykocin.pl\/mieszkaniec\/wp-json\/wp\/v2\/posts\/8665\/revisions\/8667"}],"wp:featuredmedia":[{"embeddable":true,"href":"https:\/\/umtykocin.pl\/mieszkaniec\/wp-json\/wp\/v2\/media\/8721"}],"wp:attachment":[{"href":"https:\/\/umtykocin.pl\/mieszkaniec\/wp-json\/wp\/v2\/media?parent=8665"}],"wp:term":[{"taxonomy":"category","embeddable":true,"href":"https:\/\/umtykocin.pl\/mieszkaniec\/wp-json\/wp\/v2\/categories?post=8665"},{"taxonomy":"post_tag","embeddable":true,"href":"https:\/\/umtykocin.pl\/mieszkaniec\/wp-json\/wp\/v2\/tags?post=8665"}],"curies":[{"name":"wp","href":"https:\/\/api.w.org\/{rel}","templated":true}]}}