{"id":8749,"date":"2023-04-21T08:04:42","date_gmt":"2023-04-21T06:04:42","guid":{"rendered":"http:\/\/umtykocin.pl\/mieszkaniec\/?p=8749"},"modified":"2023-04-21T08:04:42","modified_gmt":"2023-04-21T06:04:42","slug":"program-mon-trenuj-jak-zolnierz","status":"publish","type":"post","link":"https:\/\/umtykocin.pl\/mieszkaniec\/program-mon-trenuj-jak-zolnierz\/","title":{"rendered":"Program MON &#8211; TRENUJ JAK \u017bO\u0141NIERZ"},"content":{"rendered":"<p>\u201eTrenuj jak \u017co\u0142nierz\u201d umo\u017cliwia ochotnikom zg\u0142oszenie si\u0119 na\u00a0<strong>16-dniowe szkolenie wojskowe<\/strong>, kt\u00f3re b\u0119dzie prowadzone w uelastycznionej \u2013 dwuetapowej formule. Pierwszy z nich to 2-dniowe poznanie jednostki i wojska, drugi to 14-dniowe szkolenie w czasie wakacji \u2013 w trakcie ca\u0142ego cyklu uczestnik nauczy si\u0119 podstawowych umiej\u0119tno\u015bci wojskowych m.in. pos\u0142ugiwania si\u0119 broni\u0105 i strzelania, taktyki, terenoznawstwa, przetrwania w trudnych warunkach, walki wr\u0119cz, \u0142\u0105czno\u015bci i podstaw musztry.<\/p>\n<p><strong>Pierwszy etap<\/strong>, \u00a0kt\u00f3ry pozwoli zapozna\u0107 si\u0119 z wojskiem i jednostk\u0105, \u00a0rozpocznie<strong> si\u0119 w weekendy majowe: 6-7 i 13-14 maja<\/strong>, za\u015b\u00a0<strong>szkolenie w\u0142a\u015bciwe<\/strong>\u00a0b\u0119dzie prowadzone mi\u0119dzy\u00a0<strong>16-29 lipca i 6-19 sierpnia.<\/strong>\u00a0Szkolenie prowadzone jest w oparciu o infrastruktur\u0119 30 jednostek wojskowych na terenie ca\u0142ego kraju \u2013 zg\u0142aszaj\u0105cy mo\u017ce wybra\u0107 dowoln\u0105 z nich.<\/p>\n<p>W trakcie trwania szkolenia jednostki wojskowe zapewniaj\u0105 wy\u017cywienie, zakwaterowanie, wyposa\u017cenie i ubezpieczenie. Dodatkowo ka\u017cdemu szkol\u0105cemu przys\u0142uguje wynagrodzenie jako szeregowemu \u017co\u0142nierzowi rezerwy &#8211; 130 z\u0142 za dzie\u0144 szkolenia. Szkolenie ko\u0144czy si\u0119 z\u0142o\u017ceniem przysi\u0119gi wojskowej i wej\u015bciem do pasywnej rezerwy Wojska Polskiego.<\/p>\n<p>Zapisy prowadzone s\u0105 za po\u015brednictwem elektronicznego systemu naboru pod adresem:\u00a0<a href=\"https:\/\/trenujjakzolnierz.wp.mil.pl\/\">https:\/\/trenujjakzolnierz.wp.mil.pl<\/a>.<\/p>\n<p>Ca\u0142y czas mo\u017cna si\u0119 r\u00f3wnie\u017c zg\u0142asza\u0107 bezpo\u015brednio do jednostki wojskowej prowadz\u0105cej szkolenie (osobi\u015bcie, telefonicznie, drog\u0105 mailow\u0105).<\/p>\n<p><strong>Harmonogram projektu \u201eTrenuj jak \u017co\u0142nierz\u201d<\/strong><\/p>\n<ol>\n<li>Etap organizacyjny (2 dniowy w ramach 1 etapu sobota &#8211; niedziela). Realizacja w 2 terminach:<strong>6-7 maja<\/strong><\/li>\n<\/ol>\n<ul>\n<li>10 Brygada Kawalerii Pancernej &#8211; \u015awi\u0119tosz\u00f3w,<\/li>\n<li>34 Brygada Kawalerii Pancernej &#8211;\u00a0\u017baga\u0144,<\/li>\n<li>20 Brygada Zmechanizowana \/\u00a0Mor\u0105g,<\/li>\n<li>1 Brygada Pancerna &#8211;\u00a0Weso\u0142a,<\/li>\n<li>15 Brygada Wsparcia Dowodzenia &#8211; Sieradz,<\/li>\n<li>18 Pu\u0142k Rozpoznawczy &#8211; Bia\u0142ystok,<\/li>\n<li>Centrum Szkolenia Si\u0142 Powietrznych &#8211; Koszalin,<\/li>\n<li>19 Brygada Zmechanizowana &#8211;\u00a0Lublin,<\/li>\n<li>18 Dyzwizja Zmechanizowana \/ 18 Batalion Dowodzenia\u00a0Siedlce,<\/li>\n<li>25 Brygada Kawalerii Powietrznej \/ 7 Batalion Kawalerii Powietrznej Tomasz\u00f3w Mazowieckiej,<\/li>\n<li>21 Brygada Strzelc\u00f3w Podhala\u0144skich \/ 16 Batalion Saper\u00f3w \u00a0Nisko,<\/li>\n<li>9 Brygada Wsparcia Dowodzenia \/ 5 Batalion Dowodzenia\u00a0Krak\u00f3w,<\/li>\n<li>Centrum Szkolenia Wojsk L\u0105dowych Pozna\u0144,<\/li>\n<li>14 Pu\u0142k Przeciwpancerny Suwa\u0142ki.<\/li>\n<\/ul>\n<p><strong>13-14 maja<\/strong><\/p>\n<ul>\n<li>12 Brygada Zmechanizowana\u00a0Szczecin,<\/li>\n<li>1 Batalion Zmechanizowany L\u0119bork,<\/li>\n<li>Centrum Szkolenia In\u017cynieryjno &#8211; Lotniczego\u00a0D\u0119blin,<\/li>\n<li>21 Brygada Strzelc\u00f3w Podhala\u0144skich\u00a0\/ 14 Dywizjon Artylerii Samobie\u017cnej Jaros\u0142aw,<\/li>\n<li>1 Pu\u0142k Saper\u00f3w Brzeg,<\/li>\n<li>10 Brygada Logistyczna Opole,<\/li>\n<li>4 Pu\u0142k Przeciwlotniczy Leszno,<\/li>\n<li>Centrum Szkolenia Wojsk In\u017cynieryjnych i Chemicznych\u00a0 Wroc\u0142aw,<\/li>\n<li>17 Brygada Zmechanizowana Mi\u0119dzyrzecz\u00a0(szkolenie na poligonie w W\u0119drzynie),<\/li>\n<li>Centrum Szkolenia Marynarki Wojennej Ustka,<\/li>\n<li>Centrum Szkolenia Logistyki Grudzi\u0105dz,<\/li>\n<li>9 Brygada Kawalerii Pancernej Braniewo.<\/li>\n<\/ul>\n<p><strong>27-28 maja<\/strong><\/p>\n<ul>\n<li>Centrum Szkolenia Artylerii i Uzbrojenia Toru\u0144<\/li>\n<\/ul>\n<p><strong>9-10 czerwca<\/strong><\/p>\n<ul>\n<li>6 Brygada Powietrznodesantowa\u00a0\/ 6 Batalion Powietrznodesantowy\u00a0Gliwice,<\/li>\n<li>6 Brygada Powietrznodesantowa\u00a0\/ 18 Batalion Powietrznodesantowy\u00a0Bielsko Bia\u0142a,<\/li>\n<li>6 Brygada Powietrznodesantowa\u00a0\/ 16 Batalion Powietrznodesantowy Krak\u00f3w.<\/li>\n<\/ul>\n<p>Turnus rezerwowy &#8211; 27-28 maja (2 dniowy w ramach 1 etapu, sobota &#8211; niedziela) &#8211; dla jednostek wojskowych, w kt\u00f3rych nie osi\u0105gni\u0119to limitu 50 ch\u0119tnych.<\/p>\n<ol start=\"2\">\n<li><strong> Etap szkoleniowy (14 dniowy w ramach 2 etapu sobota &#8211; sobota). Realizacja w 2 terminach:<\/strong><\/li>\n<\/ol>\n<p><strong>16-29 lipca<\/strong><\/p>\n<ul>\n<li>10 Brygada Kawalerii Pancernej &#8211; \u015awi\u0119tosz\u00f3w,<\/li>\n<li>34 Brygada Kawalerii Pancernej &#8211;\u00a0\u017baga\u0144,<\/li>\n<li>12 Brygada Zmechanizowana Szczecin,<\/li>\n<li>1 Batalion Zmechanizowany L\u0119bork,<\/li>\n<li>Centrum Szkolenia Artylerii i Uzbrojenia Toru\u0144,<\/li>\n<li>20 Brygada Zmechanizowana \/\u00a0Mor\u0105g,<\/li>\n<li>18 Pu\u0142k Rozpoznawczy &#8211; Bia\u0142ystok,<\/li>\n<li>Centrum Szkolenia In\u017cynieryjno &#8211; Lotniczego\u00a0D\u0119blin,<\/li>\n<li>1 Brygada Pancerna &#8211;\u00a0Weso\u0142a,<\/li>\n<li>15 Brygada Wsparcia Dowodzenia &#8211; Sieradz,<\/li>\n<li>21 Brygada Strzelc\u00f3w Podhala\u0144skich\u00a0\/ 14 Dywizjon Artylerii Samobie\u017cnej Jaros\u0142aw,<\/li>\n<li>6 Brygada Powietrznodesantowa\u00a0\/ 18 Batalion Powietrznodesantowy\u00a0Bielsko Bia\u0142a,<\/li>\n<li>1 Pu\u0142k Saper\u00f3w\u00a0Brzeg,<\/li>\n<li>6 Brygada Powietrznodesantowa\/\u00a016 Batalion Powietrznodesantowy\u00a0Krak\u00f3w,<\/li>\n<li>4 Pu\u0142k Przeciwlotniczy\u00a0Leszno\/ Czerwie\u0144sk.<\/li>\n<\/ul>\n<p><strong>6-19 sierpnia<\/strong><\/p>\n<ul>\n<li>Centrum Szkolenia Wojsk In\u017cynieryjnych i Chemicznych\u00a0Wroc\u0142aw,<\/li>\n<li>17 Brygada Zmechanizowana Mi\u0119dzyrzecz (szkolenie na poligonie w W\u0119drzynie),<\/li>\n<li>Centrum Szkolenia Si\u0142 Powietrznych\u00a0Koszalin,<\/li>\n<li>Centrum Szkolenia Marynarki Wojennej Ustka,<\/li>\n<li>Centrum Szkolenia Logistyki\u00a0Grudzi\u0105dz,<\/li>\n<li>9 Brygada Kawalerii Pancernej\u00a0Braniewo,<\/li>\n<li>14 Pu\u0142k Przeciwpancerny\u00a0Suwa\u0142ki,<\/li>\n<li>19 Brygada Zmechanizowana\u00a0Lublin,<\/li>\n<li>18 Dywizja Zmechanizowana\u00a0\/\u00a018 Batalion Dowodzenia\u00a0Siedlce,<\/li>\n<li>25 Brygada Kawalerii Powietrznej\u00a0\/\u00a07 Batalion Kawalerii Powietrznej\u00a0Tomasz\u00f3w Mazowiecki,<\/li>\n<li>21 Brygada Strzelc\u00f3w Podhala\u0144skich\/\u00a016 Batalion Saper\u00f3w\u00a0Nisko,<\/li>\n<li>6 Brygada Powietrznodesantowa\/\u00a06 Batalion Powietrznodesantowy\u00a0Gliwice,<\/li>\n<li>10 Brygada Logistyczna\u00a0Opole,<\/li>\n<li>9 Brygada Wsparcia Dowodzenia\/\u00a05 Batalion Dowodzenia\u00a0Krak\u00f3w,<\/li>\n<li>Centrum Szkolenia Wojsk L\u0105dowych\u00a0Pozna\u0144,<\/li>\n<li>18 Dywizja Zmechanizowana\/ 18 Batalion Dowodzenia Siedlce.<\/li>\n<\/ul>\n<p>&nbsp;<\/p>\n","protected":false},"excerpt":{"rendered":"<p>\u201eTrenuj jak \u017co\u0142nierz\u201d umo\u017cliwia ochotnikom zg\u0142oszenie si\u0119 na\u00a016-dniowe szkolenie wojskowe, kt\u00f3re b\u0119dzie prowadzone w uelastycznionej \u2013 dwuetapowej formule. Pierwszy z nich to 2-dniowe poznanie jednostki i wojska, drugi to 14-dniowe szkolenie w czasie wakacji \u2013 w trakcie ca\u0142ego cyklu uczestnik nauczy si\u0119 podstawowych umiej\u0119tno\u015bci wojskowych m.in. pos\u0142ugiwania si\u0119 broni\u0105 i strzelania, taktyki, terenoznawstwa, przetrwania w [&hellip;]<\/p>\n","protected":false},"author":10011,"featured_media":8750,"comment_status":"closed","ping_status":"open","sticky":false,"template":"","format":"standard","meta":{"_et_pb_use_builder":"","_et_pb_old_content":"","_et_gb_content_width":"","cybocfi_hide_featured_image":"","footnotes":""},"categories":[3554],"tags":[4001],"class_list":["post-8749","post","type-post","status-publish","format-standard","has-post-thumbnail","hentry","category-bezpieczenstwo","tag-trenuj-jak-zolnierz","high-contrast"],"_links":{"self":[{"href":"https:\/\/umtykocin.pl\/mieszkaniec\/wp-json\/wp\/v2\/posts\/8749","targetHints":{"allow":["GET"]}}],"collection":[{"href":"https:\/\/umtykocin.pl\/mieszkaniec\/wp-json\/wp\/v2\/posts"}],"about":[{"href":"https:\/\/umtykocin.pl\/mieszkaniec\/wp-json\/wp\/v2\/types\/post"}],"author":[{"embeddable":true,"href":"https:\/\/umtykocin.pl\/mieszkaniec\/wp-json\/wp\/v2\/users\/10011"}],"replies":[{"embeddable":true,"href":"https:\/\/umtykocin.pl\/mieszkaniec\/wp-json\/wp\/v2\/comments?post=8749"}],"version-history":[{"count":1,"href":"https:\/\/umtykocin.pl\/mieszkaniec\/wp-json\/wp\/v2\/posts\/8749\/revisions"}],"predecessor-version":[{"id":8751,"href":"https:\/\/umtykocin.pl\/mieszkaniec\/wp-json\/wp\/v2\/posts\/8749\/revisions\/8751"}],"wp:featuredmedia":[{"embeddable":true,"href":"https:\/\/umtykocin.pl\/mieszkaniec\/wp-json\/wp\/v2\/media\/8750"}],"wp:attachment":[{"href":"https:\/\/umtykocin.pl\/mieszkaniec\/wp-json\/wp\/v2\/media?parent=8749"}],"wp:term":[{"taxonomy":"category","embeddable":true,"href":"https:\/\/umtykocin.pl\/mieszkaniec\/wp-json\/wp\/v2\/categories?post=8749"},{"taxonomy":"post_tag","embeddable":true,"href":"https:\/\/umtykocin.pl\/mieszkaniec\/wp-json\/wp\/v2\/tags?post=8749"}],"curies":[{"name":"wp","href":"https:\/\/api.w.org\/{rel}","templated":true}]}}