{"id":8815,"date":"2023-06-19T13:04:38","date_gmt":"2023-06-19T11:04:38","guid":{"rendered":"http:\/\/umtykocin.pl\/mieszkaniec\/?p=8815"},"modified":"2023-06-19T13:13:52","modified_gmt":"2023-06-19T11:13:52","slug":"8815-2","status":"publish","type":"post","link":"https:\/\/umtykocin.pl\/mieszkaniec\/8815-2\/","title":{"rendered":"ZAWIADOMIENIE DO W\u0141A\u015aCICIELI NIERUCHOMO\u015aCI NIEZAMIESZKA\u0141YCH"},"content":{"rendered":"<p><strong><u>ZAWIADOMIENIE DO W\u0141A\u015aCICIELI NIERUCHOMO\u015aCI NIEZAMIESZKA\u0141YCH <\/u><\/strong><strong><u>(OSOBY PROWADZ\u0104CE DZIA\u0141ALNO\u015a\u0106 NA TERENIE GM. TYKOCIN) <\/u><\/strong><strong><em><u>O ZAMIARZE PRZEPROWADZENIA POST\u0118POWANIA O\u00a0UDZIELENIE ZAM\u00d3WIENIA PUBLICZNEGO NA ODBIERANIE ODPAD\u00d3W KOMUNALNYCH OD W\u0141A\u015aCICIELI NIERUCHOMO\u015aCI, NA KT\u00d3RYCH NIE ZAMIESZKUJ\u0104 MIESZKA\u0143CY<\/u><\/em><\/strong><\/p>\n<p><img loading=\"lazy\" decoding=\"async\" class=\"alignnone size-full wp-image-8817\" src=\"http:\/\/umtykocin.pl\/mieszkaniec\/wp-content\/uploads\/sites\/4\/2023\/06\/1.jpg\" alt=\"\" width=\"1240\" height=\"1754\" \/> <img loading=\"lazy\" decoding=\"async\" class=\"alignnone size-full wp-image-8816\" src=\"http:\/\/umtykocin.pl\/mieszkaniec\/wp-content\/uploads\/sites\/4\/2023\/06\/2.jpg\" alt=\"\" width=\"1240\" height=\"1754\" srcset=\"http:\/\/umtykocin.pl\/mieszkaniec\/wp-content\/uploads\/sites\/4\/2023\/06\/2.jpg 1240w, http:\/\/umtykocin.pl\/mieszkaniec\/wp-content\/uploads\/sites\/4\/2023\/06\/2-980x1386.jpg 980w, http:\/\/umtykocin.pl\/mieszkaniec\/wp-content\/uploads\/sites\/4\/2023\/06\/2-480x679.jpg 480w\" sizes=\"(min-width: 0px) and (max-width: 480px) 480px, (min-width: 481px) and (max-width: 980px) 980px, (min-width: 981px) 1240px, 100vw\" \/><a href=\"http:\/\/umtykocin.pl\/mieszkaniec\/wp-content\/uploads\/sites\/4\/2023\/06\/oswiadczenie_o_wylaczenie_z_systemu_odpadami-1.docx\">Do pobrania: O\u015bwiadczenie o wy\u0142\u0105czenie si\u0119 z systemu odbierania odpad\u00f3w komunalnych<\/a><\/p>\n","protected":false},"excerpt":{"rendered":"<p>ZAWIADOMIENIE DO W\u0141A\u015aCICIELI NIERUCHOMO\u015aCI NIEZAMIESZKA\u0141YCH (OSOBY PROWADZ\u0104CE DZIA\u0141ALNO\u015a\u0106 NA TERENIE GM. TYKOCIN) O ZAMIARZE PRZEPROWADZENIA POST\u0118POWANIA O\u00a0UDZIELENIE ZAM\u00d3WIENIA PUBLICZNEGO NA ODBIERANIE ODPAD\u00d3W KOMUNALNYCH OD W\u0141A\u015aCICIELI NIERUCHOMO\u015aCI, NA KT\u00d3RYCH NIE ZAMIESZKUJ\u0104 MIESZKA\u0143CY Do pobrania: O\u015bwiadczenie o wy\u0142\u0105czenie si\u0119 z systemu odbierania odpad\u00f3w komunalnych<\/p>\n","protected":false},"author":10007,"featured_media":8825,"comment_status":"closed","ping_status":"open","sticky":false,"template":"","format":"standard","meta":{"_et_pb_use_builder":"","_et_pb_old_content":"","_et_gb_content_width":"","cybocfi_hide_featured_image":"","footnotes":""},"categories":[165],"tags":[],"class_list":["post-8815","post","type-post","status-publish","format-standard","has-post-thumbnail","hentry","category-gospodarka-odpadami-komunalnymi","high-contrast"],"_links":{"self":[{"href":"https:\/\/umtykocin.pl\/mieszkaniec\/wp-json\/wp\/v2\/posts\/8815","targetHints":{"allow":["GET"]}}],"collection":[{"href":"https:\/\/umtykocin.pl\/mieszkaniec\/wp-json\/wp\/v2\/posts"}],"about":[{"href":"https:\/\/umtykocin.pl\/mieszkaniec\/wp-json\/wp\/v2\/types\/post"}],"author":[{"embeddable":true,"href":"https:\/\/umtykocin.pl\/mieszkaniec\/wp-json\/wp\/v2\/users\/10007"}],"replies":[{"embeddable":true,"href":"https:\/\/umtykocin.pl\/mieszkaniec\/wp-json\/wp\/v2\/comments?post=8815"}],"version-history":[{"count":5,"href":"https:\/\/umtykocin.pl\/mieszkaniec\/wp-json\/wp\/v2\/posts\/8815\/revisions"}],"predecessor-version":[{"id":8826,"href":"https:\/\/umtykocin.pl\/mieszkaniec\/wp-json\/wp\/v2\/posts\/8815\/revisions\/8826"}],"wp:featuredmedia":[{"embeddable":true,"href":"https:\/\/umtykocin.pl\/mieszkaniec\/wp-json\/wp\/v2\/media\/8825"}],"wp:attachment":[{"href":"https:\/\/umtykocin.pl\/mieszkaniec\/wp-json\/wp\/v2\/media?parent=8815"}],"wp:term":[{"taxonomy":"category","embeddable":true,"href":"https:\/\/umtykocin.pl\/mieszkaniec\/wp-json\/wp\/v2\/categories?post=8815"},{"taxonomy":"post_tag","embeddable":true,"href":"https:\/\/umtykocin.pl\/mieszkaniec\/wp-json\/wp\/v2\/tags?post=8815"}],"curies":[{"name":"wp","href":"https:\/\/api.w.org\/{rel}","templated":true}]}}