{"id":8827,"date":"2023-06-20T13:34:37","date_gmt":"2023-06-20T11:34:37","guid":{"rendered":"http:\/\/umtykocin.pl\/mieszkaniec\/?p=8827"},"modified":"2023-06-20T13:34:37","modified_gmt":"2023-06-20T11:34:37","slug":"swiadczenie-pieniezne-z-tytulu-pelnienia-funkcji-soltysa","status":"publish","type":"post","link":"https:\/\/umtykocin.pl\/mieszkaniec\/swiadczenie-pieniezne-z-tytulu-pelnienia-funkcji-soltysa\/","title":{"rendered":"\u015awiadczenie pieni\u0119\u017cne z tytu\u0142u pe\u0142nienia funkcji so\u0142tysa"},"content":{"rendered":"<p>Dyrektor OR KRUS w Bia\u0142ymstoku Jacek Jarmo\u0142owicz informuje, \u017ce od 1 lipca 2023 r. Kasa Rolniczego Ubezpieczenia Spo\u0142ecznego b\u0119dzie przyznawa\u0142a \u015bwiadczenia pieni\u0119\u017cne z tytu\u0142u pe\u0142nienia funkcji so\u0142tysa. Celem \u015bwiadczenia jest uhonorowanie so\u0142tys\u00f3w za zaanga\u017cowanie w prac\u0119 spo\u0142eczn\u0105 i zas\u0142ugi na rzecz spo\u0142eczno\u015bci lokalnej.<br \/>\n\u015awiadczenie b\u0119dzie wyp\u0142acane dla os\u00f3b pe\u0142ni\u0105cych funkcj\u0119 so\u0142tysa, nawet w przypadku pobierania \u015bwiadczenia emerytalno-rentowego z ZUS lub innego organu rentowego. Aby je otrzyma\u0107 osoba uprawniona, b\u0119dzie musia\u0142a z\u0142o\u017cy\u0107 wniosek, kt\u00f3rego wz\u00f3r zostanie okre\u015blony w rozporz\u0105dzeniu wydanym przez ministra w\u0142a\u015bciwego do spraw rozwoju wsi w porozumieniu z ministrem w\u0142a\u015bciwym do spraw administracji publicznej.<\/p>\n<p>Wniosek o przyznanie \u015bwiadczenia b\u0119dzie mo\u017cna z\u0142o\u017cy\u0107 w oddziale regionalnym albo plac\u00f3wce terenowej Kasy Rolniczego Ubezpieczenia Spo\u0142ecznego w\u0142a\u015bciwych ze wzgl\u0119du na miejsce zamieszkania wnioskodawcy od 1 lipca 2023 r. Do wniosku o przyznanie \u015bwiadczenia nale\u017cy do\u0142\u0105czy\u0107 za\u015bwiadczenie wydane przez w\u00f3jta (burmistrza, prezydenta miasta) w\u0142a\u015bciwego dla so\u0142ectwa, w kt\u00f3rym wnioskodawca pe\u0142ni\u0142 funkcj\u0119 so\u0142tysa, potwierdzaj\u0105ce okres pe\u0142nienia tej funkcji oraz o\u015bwiadczenie wnioskodawcy o niekaralno\u015bci za przest\u0119pstwo lub przest\u0119pstwo skarbowe pope\u0142nione w zwi\u0105zku z pe\u0142nieniem funkcji so\u0142tysa. Je\u017celi w\u00f3jt (burmistrz, prezydent miasta) nie dysponuje danymi potwierdzaj\u0105cymi okres pe\u0142nienia przez wnioskodawc\u0119 funkcji so\u0142tysa, wydaje postanowienie o odmowie wydania za\u015bwiadczenia ze wzgl\u0119du na brak danych potwierdzaj\u0105cych okres pe\u0142nienia funkcji. Postanowienie to nale\u017cy do\u0142\u0105czy\u0107 do wniosku o przyznanie \u015bwiadczenia. W przypadku braku dokument\u00f3w potwierdzaj\u0105cych spe\u0142nienie wymogu pe\u0142nienia funkcji so\u0142tysa przez co najmniej dwie kadencje nie mniej ni\u017c 8 lat za\u015bwiadczenie b\u0119dzie mog\u0142o by\u0107 zast\u0105pione pisemnym o\u015bwiadczeniem z\u0142o\u017conym przez wnioskodawc\u0119 o spe\u0142nieniu tego wymogu, potwierdzonym pisemnymi o\u015bwiadczeniami z\u0142o\u017conymi przez co najmniej 5 os\u00f3b zamieszkuj\u0105cych w so\u0142ectwie w czasie, w kt\u00f3rym wnioskodawca pe\u0142ni\u0142 w nim funkcj\u0119 so\u0142tysa.<\/p>\n<p>Decyzja w sprawie o przyznanie \u015bwiadczenia b\u0119dzie wydawana w terminie 60 dni od dnia z\u0142o\u017cenia wniosku o jego przyznanie.<\/p>\n<p>\u015awiadczenie pieni\u0119\u017cne z tytu\u0142u pe\u0142nienia funkcji so\u0142tysa uzyskaj\u0105 osoby, kt\u00f3re:<br \/>\n\u2014 pe\u0142ni\u0142y funkcji so\u0142tysa na podstawie ustawy z dnia 8 marca 1990 r. o samorz\u0105dzie gminnym przez okres co najmniej dw\u00f3ch kadencji, lecz nie mniej ni\u017c 8 lat,<br \/>\n\u2014 uzyska\u0142y odpowiedni wiek: w przypadku kobiet 60 lat, za\u015b w przypadku<br \/>\nm\u0119\u017cczyzn 65 lat,<br \/>\n\u2014 nie by\u0142y skazane prawomocnym wyrokiem za przest\u0119pstwo lub przest\u0119pstwo skarbowe pope\u0142nione w zwi\u0105zku z pe\u0142nieniem funkcji so\u0142tysa.<br \/>\nPrzy ustalaniu okresu pe\u0142nienia funkcji so\u0142tysa nie jest wymagane zachowanie ci\u0105g\u0142o\u015bci pe\u0142nienia tej funkcji.<\/p>\n<p>\u015awiadczenie przys\u0142uguje od miesi\u0105ca, w kt\u00f3rym zostanie z\u0142o\u017cony wniosek o jego przyznanie, w kwocie 300 z\u0142otych miesi\u0119cznie, wyp\u0142acanej do 15. dnia ka\u017cdego miesi\u0105ca. Kwota ta b\u0119dzie podlega\u0142a corocznej waloryzacji (od dnia 1 marca danego roku) o wska\u017anik waloryzacji ustalony zgodnie z przepisami ustawy z dnia 17 grudnia 1998 r. o emeryturach i rentach z Funduszu Ubezpiecze\u0144 Spo\u0142ecznych.<\/p>\n","protected":false},"excerpt":{"rendered":"<p>Dyrektor OR KRUS w Bia\u0142ymstoku Jacek Jarmo\u0142owicz informuje, \u017ce od 1 lipca 2023 r. Kasa Rolniczego Ubezpieczenia Spo\u0142ecznego b\u0119dzie przyznawa\u0142a \u015bwiadczenia pieni\u0119\u017cne z tytu\u0142u pe\u0142nienia funkcji so\u0142tysa. Celem \u015bwiadczenia jest uhonorowanie so\u0142tys\u00f3w za zaanga\u017cowanie w prac\u0119 spo\u0142eczn\u0105 i zas\u0142ugi na rzecz spo\u0142eczno\u015bci lokalnej. \u015awiadczenie b\u0119dzie wyp\u0142acane dla os\u00f3b pe\u0142ni\u0105cych funkcj\u0119 so\u0142tysa, nawet w przypadku pobierania [&hellip;]<\/p>\n","protected":false},"author":10011,"featured_media":8828,"comment_status":"closed","ping_status":"open","sticky":false,"template":"","format":"standard","meta":{"_et_pb_use_builder":"","_et_pb_old_content":"","_et_gb_content_width":"","cybocfi_hide_featured_image":"","footnotes":""},"categories":[1328,1238],"tags":[4017],"class_list":["post-8827","post","type-post","status-publish","format-standard","has-post-thumbnail","hentry","category-rolnictwo","category-seniorzy","tag-swiadczenie-pieniezne-dla-soltysa","high-contrast"],"_links":{"self":[{"href":"https:\/\/umtykocin.pl\/mieszkaniec\/wp-json\/wp\/v2\/posts\/8827","targetHints":{"allow":["GET"]}}],"collection":[{"href":"https:\/\/umtykocin.pl\/mieszkaniec\/wp-json\/wp\/v2\/posts"}],"about":[{"href":"https:\/\/umtykocin.pl\/mieszkaniec\/wp-json\/wp\/v2\/types\/post"}],"author":[{"embeddable":true,"href":"https:\/\/umtykocin.pl\/mieszkaniec\/wp-json\/wp\/v2\/users\/10011"}],"replies":[{"embeddable":true,"href":"https:\/\/umtykocin.pl\/mieszkaniec\/wp-json\/wp\/v2\/comments?post=8827"}],"version-history":[{"count":1,"href":"https:\/\/umtykocin.pl\/mieszkaniec\/wp-json\/wp\/v2\/posts\/8827\/revisions"}],"predecessor-version":[{"id":8829,"href":"https:\/\/umtykocin.pl\/mieszkaniec\/wp-json\/wp\/v2\/posts\/8827\/revisions\/8829"}],"wp:featuredmedia":[{"embeddable":true,"href":"https:\/\/umtykocin.pl\/mieszkaniec\/wp-json\/wp\/v2\/media\/8828"}],"wp:attachment":[{"href":"https:\/\/umtykocin.pl\/mieszkaniec\/wp-json\/wp\/v2\/media?parent=8827"}],"wp:term":[{"taxonomy":"category","embeddable":true,"href":"https:\/\/umtykocin.pl\/mieszkaniec\/wp-json\/wp\/v2\/categories?post=8827"},{"taxonomy":"post_tag","embeddable":true,"href":"https:\/\/umtykocin.pl\/mieszkaniec\/wp-json\/wp\/v2\/tags?post=8827"}],"curies":[{"name":"wp","href":"https:\/\/api.w.org\/{rel}","templated":true}]}}