{"id":9152,"date":"2023-09-19T13:09:06","date_gmt":"2023-09-19T11:09:06","guid":{"rendered":"http:\/\/umtykocin.pl\/mieszkaniec\/?p=9152"},"modified":"2023-09-19T13:09:35","modified_gmt":"2023-09-19T11:09:35","slug":"ankieta-funkcjonowanie-posterunkow-policji","status":"publish","type":"post","link":"https:\/\/umtykocin.pl\/mieszkaniec\/ankieta-funkcjonowanie-posterunkow-policji\/","title":{"rendered":"ANKIETA: Funkcjonowanie posterunk\u00f3w Policji"},"content":{"rendered":"<p>W zwi\u0105zku z prowadzon\u0105 przez Najwy\u017csz\u0105 Izb\u0119 Kontroli kontrol\u0105 P\/23\/029\u00a0<i>Funkcjonowanie posterunk\u00f3w Policji<\/i> zapraszamy do wzi\u0119cia udzia\u0142u w badaniu ankietowym i wyra\u017cenia opinii w sprawie dost\u0119pno\u015bci posterunku w naszej gminie oraz osobistych do\u015bwiadcze\u0144 w kontakcie z policjantami posterunku Policji<\/p>\n<h4><strong><a href=\"https:\/\/zapytania.nik.gov.pl\/mrIWeb\/mrIWeb.dll?I.Project=POSTERUNEK\" target=\"_blank\" rel=\"noopener\">Ankieta dotycz\u0105ca funkcjonowania posterunk\u00f3w Policji<\/a><\/strong><\/h4>\n","protected":false},"excerpt":{"rendered":"<p>W zwi\u0105zku z prowadzon\u0105 przez Najwy\u017csz\u0105 Izb\u0119 Kontroli kontrol\u0105 P\/23\/029\u00a0Funkcjonowanie posterunk\u00f3w Policji zapraszamy do wzi\u0119cia udzia\u0142u w badaniu ankietowym i wyra\u017cenia opinii w sprawie dost\u0119pno\u015bci posterunku w naszej gminie oraz osobistych do\u015bwiadcze\u0144 w kontakcie z policjantami posterunku Policji Ankieta dotycz\u0105ca funkcjonowania posterunk\u00f3w Policji<\/p>\n","protected":false},"author":10013,"featured_media":9154,"comment_status":"closed","ping_status":"open","sticky":false,"template":"","format":"standard","meta":{"_et_pb_use_builder":"off","_et_pb_old_content":"","_et_gb_content_width":"","cybocfi_hide_featured_image":"","footnotes":""},"categories":[99,3554],"tags":[809,4054],"class_list":["post-9152","post","type-post","status-publish","format-standard","has-post-thumbnail","hentry","category-aktualnosci","category-bezpieczenstwo","tag-ankieta","tag-policja","high-contrast"],"_links":{"self":[{"href":"https:\/\/umtykocin.pl\/mieszkaniec\/wp-json\/wp\/v2\/posts\/9152","targetHints":{"allow":["GET"]}}],"collection":[{"href":"https:\/\/umtykocin.pl\/mieszkaniec\/wp-json\/wp\/v2\/posts"}],"about":[{"href":"https:\/\/umtykocin.pl\/mieszkaniec\/wp-json\/wp\/v2\/types\/post"}],"author":[{"embeddable":true,"href":"https:\/\/umtykocin.pl\/mieszkaniec\/wp-json\/wp\/v2\/users\/10013"}],"replies":[{"embeddable":true,"href":"https:\/\/umtykocin.pl\/mieszkaniec\/wp-json\/wp\/v2\/comments?post=9152"}],"version-history":[{"count":1,"href":"https:\/\/umtykocin.pl\/mieszkaniec\/wp-json\/wp\/v2\/posts\/9152\/revisions"}],"predecessor-version":[{"id":9155,"href":"https:\/\/umtykocin.pl\/mieszkaniec\/wp-json\/wp\/v2\/posts\/9152\/revisions\/9155"}],"wp:featuredmedia":[{"embeddable":true,"href":"https:\/\/umtykocin.pl\/mieszkaniec\/wp-json\/wp\/v2\/media\/9154"}],"wp:attachment":[{"href":"https:\/\/umtykocin.pl\/mieszkaniec\/wp-json\/wp\/v2\/media?parent=9152"}],"wp:term":[{"taxonomy":"category","embeddable":true,"href":"https:\/\/umtykocin.pl\/mieszkaniec\/wp-json\/wp\/v2\/categories?post=9152"},{"taxonomy":"post_tag","embeddable":true,"href":"https:\/\/umtykocin.pl\/mieszkaniec\/wp-json\/wp\/v2\/tags?post=9152"}],"curies":[{"name":"wp","href":"https:\/\/api.w.org\/{rel}","templated":true}]}}