{"id":9741,"date":"2024-03-04T11:35:32","date_gmt":"2024-03-04T10:35:32","guid":{"rendered":"http:\/\/umtykocin.pl\/mieszkaniec\/?p=9741"},"modified":"2024-03-04T11:35:32","modified_gmt":"2024-03-04T10:35:32","slug":"przypomnienie-o-obowiazku-zlozenia-deklaracji-o-wysokosci-oplaty-za-gospodarowanie-odpadami-komunalnymi","status":"publish","type":"post","link":"https:\/\/umtykocin.pl\/mieszkaniec\/przypomnienie-o-obowiazku-zlozenia-deklaracji-o-wysokosci-oplaty-za-gospodarowanie-odpadami-komunalnymi\/","title":{"rendered":"Przypomnienie o obowi\u0105zku z\u0142o\u017cenia deklaracji o wysoko\u015bci op\u0142aty za gospodarowanie odpadami komunalnymi"},"content":{"rendered":"<p>Wszyscy z niecierpliwo\u015bci\u0105 oczekujemy wiosny, a co za tym idzie, liczni tury\u015bci przyje\u017cd\u017caj\u0105cy do Tykocina i pobliskich miejscowo\u015bci.<\/p>\n<p>Maj\u0105c powy\u017csze na uwadze, przypominamy wszystkim, kt\u00f3rzy na okres zimowy zawiesili swoje dzia\u0142alno\u015bci oraz obiektom agroturystycznym\u00a0 o <strong>obowi\u0105zku z\u0142o\u017cenia deklaracji o wysoko\u015bci op\u0142aty za gospodarowanie odpadami komunalnymi<\/strong> ( deklaracja dost\u0119pna jest na stronie bip Tykocin oraz w siedzibie Urz\u0119du Miejskiego).<\/p>\n<p>W sytuacji niewype\u0142nienia tego obowi\u0105zku informujemy, \u017ce odpady powstaj\u0105ce w\/w miejscach <strong>nie b\u0119d\u0105 odbierane<\/strong> przez firm\u0119 MPO realizuj\u0105c\u0105 umow\u0119 odbioru odpad\u00f3w komunalnych na terenie gminy Tykocin.<\/p>\n<p>Ponadto informujemy r\u00f3wnie\u017c, \u017ce odpady, kt\u00f3re <strong>nie b\u0119d\u0105 zbierane w spos\u00f3b selektywny<\/strong> r\u00f3wnie\u017c <strong>nie b\u0119d\u0105 odbierane<\/strong> zar\u00f3wno z nieruchomo\u015bci zamieszka\u0142ych jak r\u00f3wnie\u017c nieruchomo\u015bci na kt\u00f3rych nie zamieszkuj\u0105 mieszka\u0144cy, a powstaj\u0105 odpady komunalne(w tym r\u00f3wnie\u017c wykorzystywane na cele wypoczynkowe).<\/p>\n","protected":false},"excerpt":{"rendered":"<p>Wszyscy z niecierpliwo\u015bci\u0105 oczekujemy wiosny, a co za tym idzie, liczni tury\u015bci przyje\u017cd\u017caj\u0105cy do Tykocina i pobliskich miejscowo\u015bci. Maj\u0105c powy\u017csze na uwadze, przypominamy wszystkim, kt\u00f3rzy na okres zimowy zawiesili swoje dzia\u0142alno\u015bci oraz obiektom agroturystycznym\u00a0 o obowi\u0105zku z\u0142o\u017cenia deklaracji o wysoko\u015bci op\u0142aty za gospodarowanie odpadami komunalnymi ( deklaracja dost\u0119pna jest na stronie bip Tykocin oraz w [&hellip;]<\/p>\n","protected":false},"author":10014,"featured_media":9742,"comment_status":"closed","ping_status":"open","sticky":false,"template":"","format":"standard","meta":{"_et_pb_use_builder":"","_et_pb_old_content":"","_et_gb_content_width":"","cybocfi_hide_featured_image":"","footnotes":""},"categories":[99,165],"tags":[357,439,233],"class_list":["post-9741","post","type-post","status-publish","format-standard","has-post-thumbnail","hentry","category-aktualnosci","category-gospodarka-odpadami-komunalnymi","tag-informacja","tag-komunikat","tag-odpadow","high-contrast"],"_links":{"self":[{"href":"https:\/\/umtykocin.pl\/mieszkaniec\/wp-json\/wp\/v2\/posts\/9741","targetHints":{"allow":["GET"]}}],"collection":[{"href":"https:\/\/umtykocin.pl\/mieszkaniec\/wp-json\/wp\/v2\/posts"}],"about":[{"href":"https:\/\/umtykocin.pl\/mieszkaniec\/wp-json\/wp\/v2\/types\/post"}],"author":[{"embeddable":true,"href":"https:\/\/umtykocin.pl\/mieszkaniec\/wp-json\/wp\/v2\/users\/10014"}],"replies":[{"embeddable":true,"href":"https:\/\/umtykocin.pl\/mieszkaniec\/wp-json\/wp\/v2\/comments?post=9741"}],"version-history":[{"count":1,"href":"https:\/\/umtykocin.pl\/mieszkaniec\/wp-json\/wp\/v2\/posts\/9741\/revisions"}],"predecessor-version":[{"id":9743,"href":"https:\/\/umtykocin.pl\/mieszkaniec\/wp-json\/wp\/v2\/posts\/9741\/revisions\/9743"}],"wp:featuredmedia":[{"embeddable":true,"href":"https:\/\/umtykocin.pl\/mieszkaniec\/wp-json\/wp\/v2\/media\/9742"}],"wp:attachment":[{"href":"https:\/\/umtykocin.pl\/mieszkaniec\/wp-json\/wp\/v2\/media?parent=9741"}],"wp:term":[{"taxonomy":"category","embeddable":true,"href":"https:\/\/umtykocin.pl\/mieszkaniec\/wp-json\/wp\/v2\/categories?post=9741"},{"taxonomy":"post_tag","embeddable":true,"href":"https:\/\/umtykocin.pl\/mieszkaniec\/wp-json\/wp\/v2\/tags?post=9741"}],"curies":[{"name":"wp","href":"https:\/\/api.w.org\/{rel}","templated":true}]}}